{"id":3447,"date":"2023-10-10T17:43:39","date_gmt":"2023-10-10T17:43:39","guid":{"rendered":"https:\/\/bellasartes.edu.py\/?p=3447"},"modified":"2023-10-10T17:43:41","modified_gmt":"2023-10-10T17:43:41","slug":"congreso-mbae-bellas-diseno-bellas-artes","status":"publish","type":"post","link":"https:\/\/bellasartes.edu.py\/index.php\/2023\/10\/10\/congreso-mbae-bellas-diseno-bellas-artes\/","title":{"rendered":"Congreso Mba\u00b4e\u00a0Bellas Dise\u00f1o, Bellas Artes"},"content":{"rendered":"\n<p>\u201cMba\u2019e\u201d en su octava edici\u00f3n, es el Congreso anual de Dise\u00f1o organizado por los alumnos y alumnas de la carrera de Dise\u00f1o Gr\u00e1fico del Instituto Superior de Bellas Artes. &nbsp;<\/p>\n\n\n\n<p>Se lleva a cabo desde este lunes 9 al jueves 12 de octubre.<\/p>\n\n\n\n<p>Algunos de los expositores que se encuentran en la cargada agenda del evento son:\u00a0Armando Sald\u00edvar, David Luna, David Gonz\u00e1lez, Carlos Ibarrola, Diego Santacruz, Santiago Gamarra, Emilio Feltes, Edgar Mali, Marcos Condoretty, Gilbert Sanabria, Iv\u00e1n Spiess, Marcela Mojoli, Emilio Peruzzi, Federico Peri\u00e9, Enrique Biederman, Facundo Canova, Jorge Figueredo, Leonardo Cabrera y Sandra Saldivar, Claudia D\u00edaz y el director del ISBA, Osvaldo Olivera.\u00a0<\/p>\n\n\n\n<p><strong>Programa<\/strong><\/p>\n\n\n\n<p><strong>D\u00cdA 1<\/strong><\/p>\n\n\n\n<p>9 DE OCTUBRE<\/p>\n\n\n\n<h5 class=\"wp-block-heading\">14:00<\/h5>\n\n\n\n<hr class=\"wp-block-separator has-alpha-channel-opacity\"\/>\n\n\n\n<h4 class=\"wp-block-heading\">PRESENTACI\u00d3N<\/h4>\n\n\n\n<h5 class=\"wp-block-heading\">14:30<\/h5>\n\n\n\n<hr class=\"wp-block-separator has-alpha-channel-opacity\"\/>\n\n\n\n<h4 class=\"wp-block-heading\">ARMANDO SALD\u00cdVAR<\/h4>\n\n\n\n<p>IDEAS EN MOVIMIENTO<\/p>\n\n\n\n<h5 class=\"wp-block-heading\">15:30<\/h5>\n\n\n\n<hr class=\"wp-block-separator has-alpha-channel-opacity\"\/>\n\n\n\n<h4 class=\"wp-block-heading\">DAVID LUNA<\/h4>\n\n\n\n<p>CUANDO PARAR SIGNIFICA AVANZAR: PAR\u00c1 YA!! 13 A\u00d1OS<\/p>\n\n\n\n<h5 class=\"wp-block-heading\">16:30<\/h5>\n\n\n\n<hr class=\"wp-block-separator has-alpha-channel-opacity\"\/>\n\n\n\n<h4 class=\"wp-block-heading\">BREAK<\/h4>\n\n\n\n<h5 class=\"wp-block-heading\">17:00<\/h5>\n\n\n\n<h5 class=\"wp-block-heading\"><\/h5>\n\n\n\n<h4 class=\"wp-block-heading\">DANIEL GONZ\u00c1LEZ<\/h4>\n\n\n\n<p>FOTOGRAF\u00cdA PARA DISE\u00d1O<\/p>\n\n\n\n<h5 class=\"wp-block-heading\">18:00<\/h5>\n\n\n\n<hr class=\"wp-block-separator has-alpha-channel-opacity\"\/>\n\n\n\n<h4 class=\"wp-block-heading\">CARLOS IBARROLA<\/h4>\n\n\n\n<p>LA RELACI\u00d3N COMO PROYECTO<\/p>\n\n\n\n<h5 class=\"wp-block-heading\">19:00<\/h5>\n\n\n\n<hr class=\"wp-block-separator has-alpha-channel-opacity\"\/>\n\n\n\n<h4 class=\"wp-block-heading\">DIEGO SANTACRUZ<\/h4>\n\n\n\n<p>DISE\u00d1O Y PUBLICIDAD<\/p>\n\n\n\n<p>D\u00cdA 2<\/p>\n\n\n\n<p>11 DE OCTUBRE<\/p>\n\n\n\n<h5 class=\"wp-block-heading\">14:00<\/h5>\n\n\n\n<hr class=\"wp-block-separator has-alpha-channel-opacity\"\/>\n\n\n\n<h4 class=\"wp-block-heading\">PRESENTACI\u00d3N<\/h4>\n\n\n\n<h5 class=\"wp-block-heading\">14:30<\/h5>\n\n\n\n<hr class=\"wp-block-separator has-alpha-channel-opacity\"\/>\n\n\n\n<h4 class=\"wp-block-heading\">EMILIO FELTES<\/h4>\n\n\n\n<p>BIT\u00c1CORA DE UN ILUSTRADOR AUTODIDACTA<\/p>\n\n\n\n<h5 class=\"wp-block-heading\">15:30<\/h5>\n\n\n\n<hr class=\"wp-block-separator has-alpha-channel-opacity\"\/>\n\n\n\n<h4 class=\"wp-block-heading\">EDGAR MALI<\/h4>\n\n\n\n<p>\u00abDEL PAPEL AL MUR0\u00bb<\/p>\n\n\n\n<h5 class=\"wp-block-heading\">16:30<\/h5>\n\n\n\n<hr class=\"wp-block-separator has-alpha-channel-opacity\"\/>\n\n\n\n<h4 class=\"wp-block-heading\">BREAK<\/h4>\n\n\n\n<h5 class=\"wp-block-heading\">17:00<\/h5>\n\n\n\n<h5 class=\"wp-block-heading\"><\/h5>\n\n\n\n<h4 class=\"wp-block-heading\">MARCOS CONDORETTY<\/h4>\n\n\n\n<p>ESTRATEGIAS RENTABLES PARA EL DISE\u00d1O EDITORIAL<\/p>\n\n\n\n<h5 class=\"wp-block-heading\">18:00<\/h5>\n\n\n\n<hr class=\"wp-block-separator has-alpha-channel-opacity\"\/>\n\n\n\n<h4 class=\"wp-block-heading\">GILBERT SANABRIA<\/h4>\n\n\n\n<p>EMPRENDER EN DISE\u00d1O<\/p>\n\n\n\n<h5 class=\"wp-block-heading\">19:00<\/h5>\n\n\n\n<hr class=\"wp-block-separator has-alpha-channel-opacity\"\/>\n\n\n\n<h4 class=\"wp-block-heading\">IVAN SPIESS<\/h4>\n\n\n\n<p>MARKETING PARA LAS NUEVAS GENERACIONES<\/p>\n\n\n\n<p>D\u00cdA 3<\/p>\n\n\n\n<p>12 DE OCTUBRE<\/p>\n\n\n\n<h5 class=\"wp-block-heading\">14:30<\/h5>\n\n\n\n<hr class=\"wp-block-separator has-alpha-channel-opacity\"\/>\n\n\n\n<h4 class=\"wp-block-heading\">MARCELA MOJOLI<\/h4>\n\n\n\n<p>BRANDING<\/p>\n\n\n\n<h5 class=\"wp-block-heading\">15:30<\/h5>\n\n\n\n<hr class=\"wp-block-separator has-alpha-channel-opacity\"\/>\n\n\n\n<h4 class=\"wp-block-heading\">EMILIO PERUZZI<\/h4>\n\n\n\n<p>EXPERIENCIAS Y RECOMENDACIONES EN EL DISE\u00d1O DE ENVASE<\/p>\n\n\n\n<h5 class=\"wp-block-heading\">16:30<\/h5>\n\n\n\n<hr class=\"wp-block-separator has-alpha-channel-opacity\"\/>\n\n\n\n<h4 class=\"wp-block-heading\">BREAK<\/h4>\n\n\n\n<h5 class=\"wp-block-heading\">17:00<\/h5>\n\n\n\n<h5 class=\"wp-block-heading\"><\/h5>\n\n\n\n<h4 class=\"wp-block-heading\">ENRIQUE BIEDERMANN<\/h4>\n\n\n\n<p>\u00abLA PUBLICIDAD Y LA TECNOLOG\u00cdA &#8211; UNA EXTRA\u00d1A RELACI\u00d3N\u00bb<\/p>\n\n\n\n<h5 class=\"wp-block-heading\">17:30<\/h5>\n\n\n\n<hr class=\"wp-block-separator has-alpha-channel-opacity\"\/>\n\n\n\n<h4 class=\"wp-block-heading\">FEDERICO PERI\u00c9<\/h4>\n\n\n\n<p>\u00abLA PUBLICIDAD Y EL DISE\u00d1O &#8211; UNA RELACI\u00d3N APASIONANTE\u00bb<\/p>\n\n\n\n<h5 class=\"wp-block-heading\">18:00<\/h5>\n\n\n\n<hr class=\"wp-block-separator has-alpha-channel-opacity\"\/>\n\n\n\n<h4 class=\"wp-block-heading\">FACUNDO CANOVA<\/h4>\n\n\n\n<p>PRE PRENSA<\/p>\n\n\n\n<h5 class=\"wp-block-heading\">19:00<\/h5>\n\n\n\n<hr class=\"wp-block-separator has-alpha-channel-opacity\"\/>\n\n\n\n<h4 class=\"wp-block-heading\">JORGE FIGUEREDO<\/h4>\n\n\n\n<p>IA ESTRAT\u00c9GICO EN LOS NEGOCIOS Y EL MARKETING<\/p>\n\n\n\n<p>MBA&#8217;E ENTRE CASA<\/p>\n\n\n\n<p>10 DE OCTUBRE<\/p>\n\n\n\n<h5 class=\"wp-block-heading\">14:00<\/h5>\n\n\n\n<hr class=\"wp-block-separator has-alpha-channel-opacity\"\/>\n\n\n\n<h4 class=\"wp-block-heading\">PRESENTACI\u00d3N<\/h4>\n\n\n\n<h5 class=\"wp-block-heading\">14:30<\/h5>\n\n\n\n<hr class=\"wp-block-separator has-alpha-channel-opacity\"\/>\n\n\n\n<h4 class=\"wp-block-heading\">LEONARDO CABRERA<\/h4>\n\n\n\n<p>TIPOGRAF\u00cdA<\/p>\n\n\n\n<h5 class=\"wp-block-heading\">15:30<\/h5>\n\n\n\n<hr class=\"wp-block-separator has-alpha-channel-opacity\"\/>\n\n\n\n<h4 class=\"wp-block-heading\">SANDRA DA SILVA<\/h4>\n\n\n\n<p>YA NO QUIERO SER DISE\u00d1ADORA<\/p>\n\n\n\n<h5 class=\"wp-block-heading\">16:30<\/h5>\n\n\n\n<hr class=\"wp-block-separator has-alpha-channel-opacity\"\/>\n\n\n\n<h4 class=\"wp-block-heading\">CLAUDIA DIAZ<\/h4>\n\n\n\n<p>INTELIGENCIA ARTIFICIAL<\/p>\n\n\n\n<h5 class=\"wp-block-heading\">17:30<\/h5>\n\n\n\n<hr class=\"wp-block-separator has-alpha-channel-opacity\"\/>\n\n\n\n<h4 class=\"wp-block-heading\">OSVALDO OLIVERA<\/h4>\n\n\n\n<p>DESIGN THINKING<\/p>\n\n\n\n<h5 class=\"wp-block-heading\">18:30<\/h5>\n\n\n\n<hr class=\"wp-block-separator has-alpha-channel-opacity\"\/>\n\n\n\n<h4 class=\"wp-block-heading\">CIERRE<\/h4>\n\n\n\n<figure class=\"wp-block-image size-large\"><img loading=\"lazy\" decoding=\"async\" width=\"965\" height=\"965\" src=\"https:\/\/bellasartes.edu.py\/wp-content\/uploads\/2023\/10\/377579106_615775614065908_5698551823569463505_n.jpg\" alt=\"\" class=\"wp-image-3448\" srcset=\"https:\/\/bellasartes.edu.py\/wp-content\/uploads\/2023\/10\/377579106_615775614065908_5698551823569463505_n.jpg 965w, https:\/\/bellasartes.edu.py\/wp-content\/uploads\/2023\/10\/377579106_615775614065908_5698551823569463505_n-300x300.jpg 300w, https:\/\/bellasartes.edu.py\/wp-content\/uploads\/2023\/10\/377579106_615775614065908_5698551823569463505_n-100x100.jpg 100w, https:\/\/bellasartes.edu.py\/wp-content\/uploads\/2023\/10\/377579106_615775614065908_5698551823569463505_n-600x600.jpg 600w, https:\/\/bellasartes.edu.py\/wp-content\/uploads\/2023\/10\/377579106_615775614065908_5698551823569463505_n-150x150.jpg 150w, https:\/\/bellasartes.edu.py\/wp-content\/uploads\/2023\/10\/377579106_615775614065908_5698551823569463505_n-768x768.jpg 768w, https:\/\/bellasartes.edu.py\/wp-content\/uploads\/2023\/10\/377579106_615775614065908_5698551823569463505_n-45x45.jpg 45w\" sizes=\"auto, (max-width: 965px) 100vw, 965px\" \/><\/figure>\n","protected":false},"excerpt":{"rendered":"<p>\u201cMba\u2019e\u201d en su octava edici\u00f3n, es el Congreso anual de Dise\u00f1o organizado por los alumnos y alumnas de la carrera de Dise\u00f1o Gr\u00e1fico del Instituto Superior de Bellas Artes. &nbsp; Se lleva a cabo desde este lunes 9 al jueves 12 de octubre. Algunos de los expositores que se encuentran en la cargada agenda del [&hellip;]<\/p>\n","protected":false},"author":3,"featured_media":3448,"comment_status":"closed","ping_status":"open","sticky":false,"template":"","format":"standard","meta":{"_et_pb_use_builder":"","_et_pb_old_content":"","_et_gb_content_width":"","inline_featured_image":false,"fifu_image_url":"","fifu_image_alt":"","_jetpack_memberships_contains_paid_content":false,"footnotes":""},"categories":[3],"tags":[],"class_list":["post-3447","post","type-post","status-publish","format-standard","has-post-thumbnail","hentry","category-noticias"],"yoast_head":"<!-- This site is optimized with the Yoast SEO plugin v27.4 - https:\/\/yoast.com\/product\/yoast-seo-wordpress\/ -->\n<title>Congreso Mba\u00b4e\u00a0Bellas Dise\u00f1o, Bellas Artes - Instituto Superior de Bellas Artes<\/title>\n<meta name=\"robots\" content=\"index, follow, max-snippet:-1, max-image-preview:large, max-video-preview:-1\" \/>\n<link rel=\"canonical\" href=\"https:\/\/bellasartes.edu.py\/index.php\/2023\/10\/10\/congreso-mbae-bellas-diseno-bellas-artes\/\" \/>\n<meta property=\"og:locale\" content=\"es_ES\" \/>\n<meta property=\"og:type\" content=\"article\" \/>\n<meta property=\"og:title\" content=\"Congreso Mba\u00b4e\u00a0Bellas Dise\u00f1o, Bellas Artes - Instituto Superior de Bellas Artes\" \/>\n<meta property=\"og:description\" content=\"\u201cMba\u2019e\u201d en su octava edici\u00f3n, es el Congreso anual de Dise\u00f1o organizado por los alumnos y alumnas de la carrera de Dise\u00f1o Gr\u00e1fico del Instituto Superior de Bellas Artes. &nbsp; Se lleva a cabo desde este lunes 9 al jueves 12 de octubre. Algunos de los expositores que se encuentran en la cargada agenda del [&hellip;]\" \/>\n<meta property=\"og:url\" content=\"https:\/\/bellasartes.edu.py\/index.php\/2023\/10\/10\/congreso-mbae-bellas-diseno-bellas-artes\/\" \/>\n<meta property=\"og:site_name\" content=\"Instituto Superior de Bellas Artes\" \/>\n<meta property=\"article:publisher\" content=\"https:\/\/www.facebook.com\/isbaoficial\" \/>\n<meta property=\"article:published_time\" content=\"2023-10-10T17:43:39+00:00\" \/>\n<meta property=\"article:modified_time\" content=\"2023-10-10T17:43:41+00:00\" \/>\n<meta property=\"og:image\" content=\"https:\/\/bellasartes.edu.py\/wp-content\/uploads\/2023\/10\/377579106_615775614065908_5698551823569463505_n.jpg\" \/>\n\t<meta property=\"og:image:width\" content=\"965\" \/>\n\t<meta property=\"og:image:height\" content=\"965\" \/>\n\t<meta property=\"og:image:type\" content=\"image\/jpeg\" \/>\n<meta name=\"author\" content=\"comunicarte\" \/>\n<meta name=\"twitter:card\" content=\"summary_large_image\" \/>\n<meta name=\"twitter:label1\" content=\"Escrito por\" \/>\n\t<meta name=\"twitter:data1\" content=\"comunicarte\" \/>\n\t<meta name=\"twitter:label2\" content=\"Tiempo de lectura\" \/>\n\t<meta name=\"twitter:data2\" content=\"1 minuto\" \/>\n<script type=\"application\/ld+json\" class=\"yoast-schema-graph\">{\"@context\":\"https:\\\/\\\/schema.org\",\"@graph\":[{\"@type\":\"Article\",\"@id\":\"https:\\\/\\\/bellasartes.edu.py\\\/index.php\\\/2023\\\/10\\\/10\\\/congreso-mbae-bellas-diseno-bellas-artes\\\/#article\",\"isPartOf\":{\"@id\":\"https:\\\/\\\/bellasartes.edu.py\\\/index.php\\\/2023\\\/10\\\/10\\\/congreso-mbae-bellas-diseno-bellas-artes\\\/\"},\"author\":{\"name\":\"comunicarte\",\"@id\":\"https:\\\/\\\/bellasartes.edu.py\\\/#\\\/schema\\\/person\\\/6243d56ea2e518f0b57594d7a454e37a\"},\"headline\":\"Congreso Mba\u00b4e\u00a0Bellas Dise\u00f1o, Bellas Artes\",\"datePublished\":\"2023-10-10T17:43:39+00:00\",\"dateModified\":\"2023-10-10T17:43:41+00:00\",\"mainEntityOfPage\":{\"@id\":\"https:\\\/\\\/bellasartes.edu.py\\\/index.php\\\/2023\\\/10\\\/10\\\/congreso-mbae-bellas-diseno-bellas-artes\\\/\"},\"wordCount\":299,\"publisher\":{\"@id\":\"https:\\\/\\\/bellasartes.edu.py\\\/#organization\"},\"image\":{\"@id\":\"https:\\\/\\\/bellasartes.edu.py\\\/index.php\\\/2023\\\/10\\\/10\\\/congreso-mbae-bellas-diseno-bellas-artes\\\/#primaryimage\"},\"thumbnailUrl\":\"https:\\\/\\\/bellasartes.edu.py\\\/wp-content\\\/uploads\\\/2023\\\/10\\\/377579106_615775614065908_5698551823569463505_n.jpg\",\"articleSection\":[\"Noticias\"],\"inLanguage\":\"es\"},{\"@type\":\"WebPage\",\"@id\":\"https:\\\/\\\/bellasartes.edu.py\\\/index.php\\\/2023\\\/10\\\/10\\\/congreso-mbae-bellas-diseno-bellas-artes\\\/\",\"url\":\"https:\\\/\\\/bellasartes.edu.py\\\/index.php\\\/2023\\\/10\\\/10\\\/congreso-mbae-bellas-diseno-bellas-artes\\\/\",\"name\":\"Congreso Mba\u00b4e\u00a0Bellas Dise\u00f1o, Bellas Artes - Instituto Superior de Bellas Artes\",\"isPartOf\":{\"@id\":\"https:\\\/\\\/bellasartes.edu.py\\\/#website\"},\"primaryImageOfPage\":{\"@id\":\"https:\\\/\\\/bellasartes.edu.py\\\/index.php\\\/2023\\\/10\\\/10\\\/congreso-mbae-bellas-diseno-bellas-artes\\\/#primaryimage\"},\"image\":{\"@id\":\"https:\\\/\\\/bellasartes.edu.py\\\/index.php\\\/2023\\\/10\\\/10\\\/congreso-mbae-bellas-diseno-bellas-artes\\\/#primaryimage\"},\"thumbnailUrl\":\"https:\\\/\\\/bellasartes.edu.py\\\/wp-content\\\/uploads\\\/2023\\\/10\\\/377579106_615775614065908_5698551823569463505_n.jpg\",\"datePublished\":\"2023-10-10T17:43:39+00:00\",\"dateModified\":\"2023-10-10T17:43:41+00:00\",\"breadcrumb\":{\"@id\":\"https:\\\/\\\/bellasartes.edu.py\\\/index.php\\\/2023\\\/10\\\/10\\\/congreso-mbae-bellas-diseno-bellas-artes\\\/#breadcrumb\"},\"inLanguage\":\"es\",\"potentialAction\":[{\"@type\":\"ReadAction\",\"target\":[\"https:\\\/\\\/bellasartes.edu.py\\\/index.php\\\/2023\\\/10\\\/10\\\/congreso-mbae-bellas-diseno-bellas-artes\\\/\"]}]},{\"@type\":\"ImageObject\",\"inLanguage\":\"es\",\"@id\":\"https:\\\/\\\/bellasartes.edu.py\\\/index.php\\\/2023\\\/10\\\/10\\\/congreso-mbae-bellas-diseno-bellas-artes\\\/#primaryimage\",\"url\":\"https:\\\/\\\/bellasartes.edu.py\\\/wp-content\\\/uploads\\\/2023\\\/10\\\/377579106_615775614065908_5698551823569463505_n.jpg\",\"contentUrl\":\"https:\\\/\\\/bellasartes.edu.py\\\/wp-content\\\/uploads\\\/2023\\\/10\\\/377579106_615775614065908_5698551823569463505_n.jpg\",\"width\":965,\"height\":965},{\"@type\":\"BreadcrumbList\",\"@id\":\"https:\\\/\\\/bellasartes.edu.py\\\/index.php\\\/2023\\\/10\\\/10\\\/congreso-mbae-bellas-diseno-bellas-artes\\\/#breadcrumb\",\"itemListElement\":[{\"@type\":\"ListItem\",\"position\":1,\"name\":\"Home\",\"item\":\"https:\\\/\\\/bellasartes.edu.py\\\/\"},{\"@type\":\"ListItem\",\"position\":2,\"name\":\"Congreso Mba\u00b4e\u00a0Bellas Dise\u00f1o, Bellas Artes\"}]},{\"@type\":\"WebSite\",\"@id\":\"https:\\\/\\\/bellasartes.edu.py\\\/#website\",\"url\":\"https:\\\/\\\/bellasartes.edu.py\\\/\",\"name\":\"Instituto Superior de Bellas Artes\",\"description\":\"\",\"publisher\":{\"@id\":\"https:\\\/\\\/bellasartes.edu.py\\\/#organization\"},\"potentialAction\":[{\"@type\":\"SearchAction\",\"target\":{\"@type\":\"EntryPoint\",\"urlTemplate\":\"https:\\\/\\\/bellasartes.edu.py\\\/?s={search_term_string}\"},\"query-input\":{\"@type\":\"PropertyValueSpecification\",\"valueRequired\":true,\"valueName\":\"search_term_string\"}}],\"inLanguage\":\"es\"},{\"@type\":\"Organization\",\"@id\":\"https:\\\/\\\/bellasartes.edu.py\\\/#organization\",\"name\":\"Instituto Superior de Bellas Artes\",\"url\":\"https:\\\/\\\/bellasartes.edu.py\\\/\",\"logo\":{\"@type\":\"ImageObject\",\"inLanguage\":\"es\",\"@id\":\"https:\\\/\\\/bellasartes.edu.py\\\/#\\\/schema\\\/logo\\\/image\\\/\",\"url\":\"https:\\\/\\\/bellasartes.edu.py\\\/wp-content\\\/uploads\\\/2024\\\/03\\\/cropped-imagenes-y-logos_Mesa-de-trabajo-1.png\",\"contentUrl\":\"https:\\\/\\\/bellasartes.edu.py\\\/wp-content\\\/uploads\\\/2024\\\/03\\\/cropped-imagenes-y-logos_Mesa-de-trabajo-1.png\",\"width\":512,\"height\":512,\"caption\":\"Instituto Superior de Bellas Artes\"},\"image\":{\"@id\":\"https:\\\/\\\/bellasartes.edu.py\\\/#\\\/schema\\\/logo\\\/image\\\/\"},\"sameAs\":[\"https:\\\/\\\/www.facebook.com\\\/isbaoficial\",\"https:\\\/\\\/www.instagram.com\\\/bellasartes.py\\\/\",\"https:\\\/\\\/www.linkedin.com\\\/school\\\/74351323\\\/admin\\\/feed\\\/posts\\\/\"]},{\"@type\":\"Person\",\"@id\":\"https:\\\/\\\/bellasartes.edu.py\\\/#\\\/schema\\\/person\\\/6243d56ea2e518f0b57594d7a454e37a\",\"name\":\"comunicarte\",\"image\":{\"@type\":\"ImageObject\",\"inLanguage\":\"es\",\"@id\":\"https:\\\/\\\/secure.gravatar.com\\\/avatar\\\/73b4d6769843e544de958c36b6a5ccd5fbfbe514a048340133a4d304a2f5777b?s=96&d=mm&r=g\",\"url\":\"https:\\\/\\\/secure.gravatar.com\\\/avatar\\\/73b4d6769843e544de958c36b6a5ccd5fbfbe514a048340133a4d304a2f5777b?s=96&d=mm&r=g\",\"contentUrl\":\"https:\\\/\\\/secure.gravatar.com\\\/avatar\\\/73b4d6769843e544de958c36b6a5ccd5fbfbe514a048340133a4d304a2f5777b?s=96&d=mm&r=g\",\"caption\":\"comunicarte\"},\"url\":\"https:\\\/\\\/bellasartes.edu.py\\\/index.php\\\/author\\\/comunicarte\\\/\"}]}<\/script>\n<!-- \/ Yoast SEO plugin. -->","yoast_head_json":{"title":"Congreso Mba\u00b4e\u00a0Bellas Dise\u00f1o, Bellas Artes - Instituto Superior de Bellas Artes","robots":{"index":"index","follow":"follow","max-snippet":"max-snippet:-1","max-image-preview":"max-image-preview:large","max-video-preview":"max-video-preview:-1"},"canonical":"https:\/\/bellasartes.edu.py\/index.php\/2023\/10\/10\/congreso-mbae-bellas-diseno-bellas-artes\/","og_locale":"es_ES","og_type":"article","og_title":"Congreso Mba\u00b4e\u00a0Bellas Dise\u00f1o, Bellas Artes - Instituto Superior de Bellas Artes","og_description":"\u201cMba\u2019e\u201d en su octava edici\u00f3n, es el Congreso anual de Dise\u00f1o organizado por los alumnos y alumnas de la carrera de Dise\u00f1o Gr\u00e1fico del Instituto Superior de Bellas Artes. &nbsp; Se lleva a cabo desde este lunes 9 al jueves 12 de octubre. Algunos de los expositores que se encuentran en la cargada agenda del [&hellip;]","og_url":"https:\/\/bellasartes.edu.py\/index.php\/2023\/10\/10\/congreso-mbae-bellas-diseno-bellas-artes\/","og_site_name":"Instituto Superior de Bellas Artes","article_publisher":"https:\/\/www.facebook.com\/isbaoficial","article_published_time":"2023-10-10T17:43:39+00:00","article_modified_time":"2023-10-10T17:43:41+00:00","og_image":[{"width":965,"height":965,"url":"https:\/\/bellasartes.edu.py\/wp-content\/uploads\/2023\/10\/377579106_615775614065908_5698551823569463505_n.jpg","type":"image\/jpeg"}],"author":"comunicarte","twitter_card":"summary_large_image","twitter_misc":{"Escrito por":"comunicarte","Tiempo de lectura":"1 minuto"},"schema":{"@context":"https:\/\/schema.org","@graph":[{"@type":"Article","@id":"https:\/\/bellasartes.edu.py\/index.php\/2023\/10\/10\/congreso-mbae-bellas-diseno-bellas-artes\/#article","isPartOf":{"@id":"https:\/\/bellasartes.edu.py\/index.php\/2023\/10\/10\/congreso-mbae-bellas-diseno-bellas-artes\/"},"author":{"name":"comunicarte","@id":"https:\/\/bellasartes.edu.py\/#\/schema\/person\/6243d56ea2e518f0b57594d7a454e37a"},"headline":"Congreso Mba\u00b4e\u00a0Bellas Dise\u00f1o, Bellas Artes","datePublished":"2023-10-10T17:43:39+00:00","dateModified":"2023-10-10T17:43:41+00:00","mainEntityOfPage":{"@id":"https:\/\/bellasartes.edu.py\/index.php\/2023\/10\/10\/congreso-mbae-bellas-diseno-bellas-artes\/"},"wordCount":299,"publisher":{"@id":"https:\/\/bellasartes.edu.py\/#organization"},"image":{"@id":"https:\/\/bellasartes.edu.py\/index.php\/2023\/10\/10\/congreso-mbae-bellas-diseno-bellas-artes\/#primaryimage"},"thumbnailUrl":"https:\/\/bellasartes.edu.py\/wp-content\/uploads\/2023\/10\/377579106_615775614065908_5698551823569463505_n.jpg","articleSection":["Noticias"],"inLanguage":"es"},{"@type":"WebPage","@id":"https:\/\/bellasartes.edu.py\/index.php\/2023\/10\/10\/congreso-mbae-bellas-diseno-bellas-artes\/","url":"https:\/\/bellasartes.edu.py\/index.php\/2023\/10\/10\/congreso-mbae-bellas-diseno-bellas-artes\/","name":"Congreso Mba\u00b4e\u00a0Bellas Dise\u00f1o, Bellas Artes - Instituto Superior de Bellas Artes","isPartOf":{"@id":"https:\/\/bellasartes.edu.py\/#website"},"primaryImageOfPage":{"@id":"https:\/\/bellasartes.edu.py\/index.php\/2023\/10\/10\/congreso-mbae-bellas-diseno-bellas-artes\/#primaryimage"},"image":{"@id":"https:\/\/bellasartes.edu.py\/index.php\/2023\/10\/10\/congreso-mbae-bellas-diseno-bellas-artes\/#primaryimage"},"thumbnailUrl":"https:\/\/bellasartes.edu.py\/wp-content\/uploads\/2023\/10\/377579106_615775614065908_5698551823569463505_n.jpg","datePublished":"2023-10-10T17:43:39+00:00","dateModified":"2023-10-10T17:43:41+00:00","breadcrumb":{"@id":"https:\/\/bellasartes.edu.py\/index.php\/2023\/10\/10\/congreso-mbae-bellas-diseno-bellas-artes\/#breadcrumb"},"inLanguage":"es","potentialAction":[{"@type":"ReadAction","target":["https:\/\/bellasartes.edu.py\/index.php\/2023\/10\/10\/congreso-mbae-bellas-diseno-bellas-artes\/"]}]},{"@type":"ImageObject","inLanguage":"es","@id":"https:\/\/bellasartes.edu.py\/index.php\/2023\/10\/10\/congreso-mbae-bellas-diseno-bellas-artes\/#primaryimage","url":"https:\/\/bellasartes.edu.py\/wp-content\/uploads\/2023\/10\/377579106_615775614065908_5698551823569463505_n.jpg","contentUrl":"https:\/\/bellasartes.edu.py\/wp-content\/uploads\/2023\/10\/377579106_615775614065908_5698551823569463505_n.jpg","width":965,"height":965},{"@type":"BreadcrumbList","@id":"https:\/\/bellasartes.edu.py\/index.php\/2023\/10\/10\/congreso-mbae-bellas-diseno-bellas-artes\/#breadcrumb","itemListElement":[{"@type":"ListItem","position":1,"name":"Home","item":"https:\/\/bellasartes.edu.py\/"},{"@type":"ListItem","position":2,"name":"Congreso Mba\u00b4e\u00a0Bellas Dise\u00f1o, Bellas Artes"}]},{"@type":"WebSite","@id":"https:\/\/bellasartes.edu.py\/#website","url":"https:\/\/bellasartes.edu.py\/","name":"Instituto Superior de Bellas Artes","description":"","publisher":{"@id":"https:\/\/bellasartes.edu.py\/#organization"},"potentialAction":[{"@type":"SearchAction","target":{"@type":"EntryPoint","urlTemplate":"https:\/\/bellasartes.edu.py\/?s={search_term_string}"},"query-input":{"@type":"PropertyValueSpecification","valueRequired":true,"valueName":"search_term_string"}}],"inLanguage":"es"},{"@type":"Organization","@id":"https:\/\/bellasartes.edu.py\/#organization","name":"Instituto Superior de Bellas Artes","url":"https:\/\/bellasartes.edu.py\/","logo":{"@type":"ImageObject","inLanguage":"es","@id":"https:\/\/bellasartes.edu.py\/#\/schema\/logo\/image\/","url":"https:\/\/bellasartes.edu.py\/wp-content\/uploads\/2024\/03\/cropped-imagenes-y-logos_Mesa-de-trabajo-1.png","contentUrl":"https:\/\/bellasartes.edu.py\/wp-content\/uploads\/2024\/03\/cropped-imagenes-y-logos_Mesa-de-trabajo-1.png","width":512,"height":512,"caption":"Instituto Superior de Bellas Artes"},"image":{"@id":"https:\/\/bellasartes.edu.py\/#\/schema\/logo\/image\/"},"sameAs":["https:\/\/www.facebook.com\/isbaoficial","https:\/\/www.instagram.com\/bellasartes.py\/","https:\/\/www.linkedin.com\/school\/74351323\/admin\/feed\/posts\/"]},{"@type":"Person","@id":"https:\/\/bellasartes.edu.py\/#\/schema\/person\/6243d56ea2e518f0b57594d7a454e37a","name":"comunicarte","image":{"@type":"ImageObject","inLanguage":"es","@id":"https:\/\/secure.gravatar.com\/avatar\/73b4d6769843e544de958c36b6a5ccd5fbfbe514a048340133a4d304a2f5777b?s=96&d=mm&r=g","url":"https:\/\/secure.gravatar.com\/avatar\/73b4d6769843e544de958c36b6a5ccd5fbfbe514a048340133a4d304a2f5777b?s=96&d=mm&r=g","contentUrl":"https:\/\/secure.gravatar.com\/avatar\/73b4d6769843e544de958c36b6a5ccd5fbfbe514a048340133a4d304a2f5777b?s=96&d=mm&r=g","caption":"comunicarte"},"url":"https:\/\/bellasartes.edu.py\/index.php\/author\/comunicarte\/"}]}},"jetpack_featured_media_url":"https:\/\/bellasartes.edu.py\/wp-content\/uploads\/2023\/10\/377579106_615775614065908_5698551823569463505_n.jpg","jetpack_sharing_enabled":true,"_links":{"self":[{"href":"https:\/\/bellasartes.edu.py\/index.php\/wp-json\/wp\/v2\/posts\/3447","targetHints":{"allow":["GET"]}}],"collection":[{"href":"https:\/\/bellasartes.edu.py\/index.php\/wp-json\/wp\/v2\/posts"}],"about":[{"href":"https:\/\/bellasartes.edu.py\/index.php\/wp-json\/wp\/v2\/types\/post"}],"author":[{"embeddable":true,"href":"https:\/\/bellasartes.edu.py\/index.php\/wp-json\/wp\/v2\/users\/3"}],"replies":[{"embeddable":true,"href":"https:\/\/bellasartes.edu.py\/index.php\/wp-json\/wp\/v2\/comments?post=3447"}],"version-history":[{"count":1,"href":"https:\/\/bellasartes.edu.py\/index.php\/wp-json\/wp\/v2\/posts\/3447\/revisions"}],"predecessor-version":[{"id":3449,"href":"https:\/\/bellasartes.edu.py\/index.php\/wp-json\/wp\/v2\/posts\/3447\/revisions\/3449"}],"wp:featuredmedia":[{"embeddable":true,"href":"https:\/\/bellasartes.edu.py\/index.php\/wp-json\/wp\/v2\/media\/3448"}],"wp:attachment":[{"href":"https:\/\/bellasartes.edu.py\/index.php\/wp-json\/wp\/v2\/media?parent=3447"}],"wp:term":[{"taxonomy":"category","embeddable":true,"href":"https:\/\/bellasartes.edu.py\/index.php\/wp-json\/wp\/v2\/categories?post=3447"},{"taxonomy":"post_tag","embeddable":true,"href":"https:\/\/bellasartes.edu.py\/index.php\/wp-json\/wp\/v2\/tags?post=3447"}],"curies":[{"name":"wp","href":"https:\/\/api.w.org\/{rel}","templated":true}]}}