{"id":3570,"date":"2023-10-31T13:59:40","date_gmt":"2023-10-31T13:59:40","guid":{"rendered":"https:\/\/bellasartes.edu.py\/?p=3570"},"modified":"2023-11-08T15:49:32","modified_gmt":"2023-11-08T15:49:32","slug":"hilarbahilar","status":"publish","type":"post","link":"https:\/\/bellasartes.edu.py\/index.php\/2023\/10\/31\/hilarbahilar\/","title":{"rendered":"HILARBAHILAR&#x1f3bc; M\u00fasica y Danza Contempor\u00e1nea &#x1f3b6;"},"content":{"rendered":"\n<p><\/p>\n\n\n\n<p>ORQUESTA SINF\u00d3NICA DEL CONGRESO<br>dirigida por Diego S\u00e1nchez Haase<br>COMPA\u00d1\u00cdA DE DANZA BELLAS ARTES<br>Direcci\u00f3n art\u00edstica de Gloria Oviedo<\/p>\n\n\n\n<p>&#x1f5d3;&#xfe0f; Mi\u00e9rcoles 1 de noviembre<br>&#x23f0; 20:00<\/p>\n\n\n\n<p>&#x1f5d2;&#xfe0f; Obras de HORACIO VI\u00d1ALES MENDEZ&nbsp;<a href=\"https:\/\/www.instagram.com\/horaciovinales\/\">@horaciovinales<\/a>, MATH\u00cdAS FLORENT\u00cdN&nbsp;<a href=\"https:\/\/www.instagram.com\/mathiasflorentin\/\">@mathiasflorentin<\/a>, W. A. MOZART<br>&#x1f9ee; Idea y composici\u00f3n Coreogr\u00e1fica: EDITH CORREA&nbsp;<a href=\"https:\/\/www.instagram.com\/edith_claudine\/\">@edith_claudine<\/a><\/p>\n\n\n\n<p>&#x1f4cc; Club Nacional de Regatas El Mbigua<br>Al otro lado de la Bah\u00eda de Asunci\u00f3n<br>&#x2693;&#xfe0f; SERVICIO GRATUITO DE LANCHAS PARA EL CRUCE<\/p>\n\n\n\n<p><a href=\"https:\/\/www.instagram.com\/explore\/tags\/osic\/\">#OSIC<\/a><a href=\"https:\/\/www.instagram.com\/explore\/tags\/ciadanzabellasartes\/\">#ciadanzabellasartes<\/a><a href=\"https:\/\/www.instagram.com\/explore\/tags\/ccrcabildo\/\">#ccrcabildo<\/a><a href=\"https:\/\/www.instagram.com\/explore\/tags\/isba\/\">#isba<\/a><a href=\"https:\/\/www.instagram.com\/explore\/tags\/contemporarymusic\/\">#contemporarymusic<\/a><a href=\"https:\/\/www.instagram.com\/explore\/tags\/classicmusic\/\">#classicmusic<\/a><a href=\"https:\/\/www.instagram.com\/explore\/tags\/danzacontemporanea\/\">#danzacontemporanea<\/a><\/p>\n","protected":false},"excerpt":{"rendered":"<p>ORQUESTA SINF\u00d3NICA DEL CONGRESOdirigida por Diego S\u00e1nchez HaaseCOMPA\u00d1\u00cdA DE DANZA BELLAS ARTESDirecci\u00f3n art\u00edstica de Gloria Oviedo &#x1f5d3;&#xfe0f; Mi\u00e9rcoles 1 de noviembre&#x23f0; 20:00 &#x1f5d2;&#xfe0f; Obras de HORACIO VI\u00d1ALES MENDEZ&nbsp;@horaciovinales, MATH\u00cdAS FLORENT\u00cdN&nbsp;@mathiasflorentin, W. A. MOZART&#x1f9ee; Idea y composici\u00f3n Coreogr\u00e1fica: EDITH CORREA&nbsp;@edith_claudine &#x1f4cc; Club Nacional de Regatas El MbiguaAl otro lado de la Bah\u00eda de Asunci\u00f3n&#x2693;&#xfe0f; SERVICIO GRATUITO [&hellip;]<\/p>\n","protected":false},"author":3,"featured_media":3578,"comment_status":"closed","ping_status":"open","sticky":false,"template":"","format":"standard","meta":{"_et_pb_use_builder":"","_et_pb_old_content":"","_et_gb_content_width":"","inline_featured_image":false,"fifu_image_url":"","fifu_image_alt":"","_jetpack_memberships_contains_paid_content":false,"footnotes":""},"categories":[3],"tags":[],"class_list":["post-3570","post","type-post","status-publish","format-standard","has-post-thumbnail","hentry","category-noticias"],"yoast_head":"<!-- This site is optimized with the Yoast SEO plugin v27.5 - https:\/\/yoast.com\/product\/yoast-seo-wordpress\/ -->\n<title>HILARBAHILAR&#x1f3bc; M\u00fasica y Danza Contempor\u00e1nea &#x1f3b6; - Instituto Superior de Bellas Artes<\/title>\n<meta name=\"robots\" content=\"index, follow, max-snippet:-1, max-image-preview:large, max-video-preview:-1\" \/>\n<link rel=\"canonical\" href=\"https:\/\/bellasartes.edu.py\/index.php\/2023\/10\/31\/hilarbahilar\/\" \/>\n<meta property=\"og:locale\" content=\"es_ES\" \/>\n<meta property=\"og:type\" content=\"article\" \/>\n<meta property=\"og:title\" content=\"HILARBAHILAR&#x1f3bc; M\u00fasica y Danza Contempor\u00e1nea &#x1f3b6; - Instituto Superior de Bellas Artes\" \/>\n<meta property=\"og:description\" content=\"ORQUESTA SINF\u00d3NICA DEL CONGRESOdirigida por Diego S\u00e1nchez HaaseCOMPA\u00d1\u00cdA DE DANZA BELLAS ARTESDirecci\u00f3n art\u00edstica de Gloria Oviedo &#x1f5d3;&#xfe0f; Mi\u00e9rcoles 1 de noviembre&#x23f0; 20:00 &#x1f5d2;&#xfe0f; Obras de HORACIO VI\u00d1ALES MENDEZ&nbsp;@horaciovinales, MATH\u00cdAS FLORENT\u00cdN&nbsp;@mathiasflorentin, W. A. MOZART&#x1f9ee; Idea y composici\u00f3n Coreogr\u00e1fica: EDITH CORREA&nbsp;@edith_claudine &#x1f4cc; Club Nacional de Regatas El MbiguaAl otro lado de la Bah\u00eda de Asunci\u00f3n&#x2693;&#xfe0f; SERVICIO GRATUITO [&hellip;]\" \/>\n<meta property=\"og:url\" content=\"https:\/\/bellasartes.edu.py\/index.php\/2023\/10\/31\/hilarbahilar\/\" \/>\n<meta property=\"og:site_name\" content=\"Instituto Superior de Bellas Artes\" \/>\n<meta property=\"article:publisher\" content=\"https:\/\/www.facebook.com\/isbaoficial\" \/>\n<meta property=\"article:published_time\" content=\"2023-10-31T13:59:40+00:00\" \/>\n<meta property=\"article:modified_time\" content=\"2023-11-08T15:49:32+00:00\" \/>\n<meta property=\"og:image\" content=\"https:\/\/bellasartes.edu.py\/wp-content\/uploads\/2023\/10\/WhatsApp-Image-2023-11-01-at-22.32.38.jpeg\" \/>\n\t<meta property=\"og:image:width\" content=\"1600\" \/>\n\t<meta property=\"og:image:height\" content=\"1200\" \/>\n\t<meta property=\"og:image:type\" content=\"image\/jpeg\" \/>\n<meta name=\"author\" content=\"comunicarte\" \/>\n<meta name=\"twitter:card\" content=\"summary_large_image\" \/>\n<meta name=\"twitter:label1\" content=\"Escrito por\" \/>\n\t<meta name=\"twitter:data1\" content=\"comunicarte\" \/>\n\t<meta name=\"twitter:label2\" content=\"Tiempo de lectura\" \/>\n\t<meta name=\"twitter:data2\" content=\"1 minuto\" \/>\n<script type=\"application\/ld+json\" class=\"yoast-schema-graph\">{\"@context\":\"https:\\\/\\\/schema.org\",\"@graph\":[{\"@type\":\"Article\",\"@id\":\"https:\\\/\\\/bellasartes.edu.py\\\/index.php\\\/2023\\\/10\\\/31\\\/hilarbahilar\\\/#article\",\"isPartOf\":{\"@id\":\"https:\\\/\\\/bellasartes.edu.py\\\/index.php\\\/2023\\\/10\\\/31\\\/hilarbahilar\\\/\"},\"author\":{\"name\":\"comunicarte\",\"@id\":\"https:\\\/\\\/bellasartes.edu.py\\\/#\\\/schema\\\/person\\\/6243d56ea2e518f0b57594d7a454e37a\"},\"headline\":\"HILARBAHILAR&#x1f3bc; M\u00fasica y Danza Contempor\u00e1nea &#x1f3b6;\",\"datePublished\":\"2023-10-31T13:59:40+00:00\",\"dateModified\":\"2023-11-08T15:49:32+00:00\",\"mainEntityOfPage\":{\"@id\":\"https:\\\/\\\/bellasartes.edu.py\\\/index.php\\\/2023\\\/10\\\/31\\\/hilarbahilar\\\/\"},\"wordCount\":116,\"publisher\":{\"@id\":\"https:\\\/\\\/bellasartes.edu.py\\\/#organization\"},\"image\":{\"@id\":\"https:\\\/\\\/bellasartes.edu.py\\\/index.php\\\/2023\\\/10\\\/31\\\/hilarbahilar\\\/#primaryimage\"},\"thumbnailUrl\":\"https:\\\/\\\/bellasartes.edu.py\\\/wp-content\\\/uploads\\\/2023\\\/10\\\/WhatsApp-Image-2023-11-01-at-22.32.38.jpeg\",\"articleSection\":[\"Noticias\"],\"inLanguage\":\"es\"},{\"@type\":\"WebPage\",\"@id\":\"https:\\\/\\\/bellasartes.edu.py\\\/index.php\\\/2023\\\/10\\\/31\\\/hilarbahilar\\\/\",\"url\":\"https:\\\/\\\/bellasartes.edu.py\\\/index.php\\\/2023\\\/10\\\/31\\\/hilarbahilar\\\/\",\"name\":\"HILARBAHILAR&#x1f3bc; M\u00fasica y Danza Contempor\u00e1nea &#x1f3b6; - Instituto Superior de Bellas Artes\",\"isPartOf\":{\"@id\":\"https:\\\/\\\/bellasartes.edu.py\\\/#website\"},\"primaryImageOfPage\":{\"@id\":\"https:\\\/\\\/bellasartes.edu.py\\\/index.php\\\/2023\\\/10\\\/31\\\/hilarbahilar\\\/#primaryimage\"},\"image\":{\"@id\":\"https:\\\/\\\/bellasartes.edu.py\\\/index.php\\\/2023\\\/10\\\/31\\\/hilarbahilar\\\/#primaryimage\"},\"thumbnailUrl\":\"https:\\\/\\\/bellasartes.edu.py\\\/wp-content\\\/uploads\\\/2023\\\/10\\\/WhatsApp-Image-2023-11-01-at-22.32.38.jpeg\",\"datePublished\":\"2023-10-31T13:59:40+00:00\",\"dateModified\":\"2023-11-08T15:49:32+00:00\",\"breadcrumb\":{\"@id\":\"https:\\\/\\\/bellasartes.edu.py\\\/index.php\\\/2023\\\/10\\\/31\\\/hilarbahilar\\\/#breadcrumb\"},\"inLanguage\":\"es\",\"potentialAction\":[{\"@type\":\"ReadAction\",\"target\":[\"https:\\\/\\\/bellasartes.edu.py\\\/index.php\\\/2023\\\/10\\\/31\\\/hilarbahilar\\\/\"]}]},{\"@type\":\"ImageObject\",\"inLanguage\":\"es\",\"@id\":\"https:\\\/\\\/bellasartes.edu.py\\\/index.php\\\/2023\\\/10\\\/31\\\/hilarbahilar\\\/#primaryimage\",\"url\":\"https:\\\/\\\/bellasartes.edu.py\\\/wp-content\\\/uploads\\\/2023\\\/10\\\/WhatsApp-Image-2023-11-01-at-22.32.38.jpeg\",\"contentUrl\":\"https:\\\/\\\/bellasartes.edu.py\\\/wp-content\\\/uploads\\\/2023\\\/10\\\/WhatsApp-Image-2023-11-01-at-22.32.38.jpeg\",\"width\":1600,\"height\":1200},{\"@type\":\"BreadcrumbList\",\"@id\":\"https:\\\/\\\/bellasartes.edu.py\\\/index.php\\\/2023\\\/10\\\/31\\\/hilarbahilar\\\/#breadcrumb\",\"itemListElement\":[{\"@type\":\"ListItem\",\"position\":1,\"name\":\"Home\",\"item\":\"https:\\\/\\\/bellasartes.edu.py\\\/\"},{\"@type\":\"ListItem\",\"position\":2,\"name\":\"HILARBAHILAR&#x1f3bc; M\u00fasica y Danza Contempor\u00e1nea &#x1f3b6;\"}]},{\"@type\":\"WebSite\",\"@id\":\"https:\\\/\\\/bellasartes.edu.py\\\/#website\",\"url\":\"https:\\\/\\\/bellasartes.edu.py\\\/\",\"name\":\"Instituto Superior de Bellas Artes\",\"description\":\"\",\"publisher\":{\"@id\":\"https:\\\/\\\/bellasartes.edu.py\\\/#organization\"},\"potentialAction\":[{\"@type\":\"SearchAction\",\"target\":{\"@type\":\"EntryPoint\",\"urlTemplate\":\"https:\\\/\\\/bellasartes.edu.py\\\/?s={search_term_string}\"},\"query-input\":{\"@type\":\"PropertyValueSpecification\",\"valueRequired\":true,\"valueName\":\"search_term_string\"}}],\"inLanguage\":\"es\"},{\"@type\":\"Organization\",\"@id\":\"https:\\\/\\\/bellasartes.edu.py\\\/#organization\",\"name\":\"Instituto Superior de Bellas Artes\",\"url\":\"https:\\\/\\\/bellasartes.edu.py\\\/\",\"logo\":{\"@type\":\"ImageObject\",\"inLanguage\":\"es\",\"@id\":\"https:\\\/\\\/bellasartes.edu.py\\\/#\\\/schema\\\/logo\\\/image\\\/\",\"url\":\"https:\\\/\\\/bellasartes.edu.py\\\/wp-content\\\/uploads\\\/2024\\\/03\\\/cropped-imagenes-y-logos_Mesa-de-trabajo-1.png\",\"contentUrl\":\"https:\\\/\\\/bellasartes.edu.py\\\/wp-content\\\/uploads\\\/2024\\\/03\\\/cropped-imagenes-y-logos_Mesa-de-trabajo-1.png\",\"width\":512,\"height\":512,\"caption\":\"Instituto Superior de Bellas Artes\"},\"image\":{\"@id\":\"https:\\\/\\\/bellasartes.edu.py\\\/#\\\/schema\\\/logo\\\/image\\\/\"},\"sameAs\":[\"https:\\\/\\\/www.facebook.com\\\/isbaoficial\",\"https:\\\/\\\/www.instagram.com\\\/bellasartes.py\\\/\",\"https:\\\/\\\/www.linkedin.com\\\/school\\\/74351323\\\/admin\\\/feed\\\/posts\\\/\"]},{\"@type\":\"Person\",\"@id\":\"https:\\\/\\\/bellasartes.edu.py\\\/#\\\/schema\\\/person\\\/6243d56ea2e518f0b57594d7a454e37a\",\"name\":\"comunicarte\",\"image\":{\"@type\":\"ImageObject\",\"inLanguage\":\"es\",\"@id\":\"https:\\\/\\\/secure.gravatar.com\\\/avatar\\\/73b4d6769843e544de958c36b6a5ccd5fbfbe514a048340133a4d304a2f5777b?s=96&d=mm&r=g\",\"url\":\"https:\\\/\\\/secure.gravatar.com\\\/avatar\\\/73b4d6769843e544de958c36b6a5ccd5fbfbe514a048340133a4d304a2f5777b?s=96&d=mm&r=g\",\"contentUrl\":\"https:\\\/\\\/secure.gravatar.com\\\/avatar\\\/73b4d6769843e544de958c36b6a5ccd5fbfbe514a048340133a4d304a2f5777b?s=96&d=mm&r=g\",\"caption\":\"comunicarte\"},\"url\":\"https:\\\/\\\/bellasartes.edu.py\\\/index.php\\\/author\\\/comunicarte\\\/\"}]}<\/script>\n<!-- \/ Yoast SEO plugin. -->","yoast_head_json":{"title":"HILARBAHILAR&#x1f3bc; M\u00fasica y Danza Contempor\u00e1nea &#x1f3b6; - Instituto Superior de Bellas Artes","robots":{"index":"index","follow":"follow","max-snippet":"max-snippet:-1","max-image-preview":"max-image-preview:large","max-video-preview":"max-video-preview:-1"},"canonical":"https:\/\/bellasartes.edu.py\/index.php\/2023\/10\/31\/hilarbahilar\/","og_locale":"es_ES","og_type":"article","og_title":"HILARBAHILAR&#x1f3bc; M\u00fasica y Danza Contempor\u00e1nea &#x1f3b6; - Instituto Superior de Bellas Artes","og_description":"ORQUESTA SINF\u00d3NICA DEL CONGRESOdirigida por Diego S\u00e1nchez HaaseCOMPA\u00d1\u00cdA DE DANZA BELLAS ARTESDirecci\u00f3n art\u00edstica de Gloria Oviedo &#x1f5d3;&#xfe0f; Mi\u00e9rcoles 1 de noviembre&#x23f0; 20:00 &#x1f5d2;&#xfe0f; Obras de HORACIO VI\u00d1ALES MENDEZ&nbsp;@horaciovinales, MATH\u00cdAS FLORENT\u00cdN&nbsp;@mathiasflorentin, W. A. MOZART&#x1f9ee; Idea y composici\u00f3n Coreogr\u00e1fica: EDITH CORREA&nbsp;@edith_claudine &#x1f4cc; Club Nacional de Regatas El MbiguaAl otro lado de la Bah\u00eda de Asunci\u00f3n&#x2693;&#xfe0f; SERVICIO GRATUITO [&hellip;]","og_url":"https:\/\/bellasartes.edu.py\/index.php\/2023\/10\/31\/hilarbahilar\/","og_site_name":"Instituto Superior de Bellas Artes","article_publisher":"https:\/\/www.facebook.com\/isbaoficial","article_published_time":"2023-10-31T13:59:40+00:00","article_modified_time":"2023-11-08T15:49:32+00:00","og_image":[{"width":1600,"height":1200,"url":"https:\/\/bellasartes.edu.py\/wp-content\/uploads\/2023\/10\/WhatsApp-Image-2023-11-01-at-22.32.38.jpeg","type":"image\/jpeg"}],"author":"comunicarte","twitter_card":"summary_large_image","twitter_misc":{"Escrito por":"comunicarte","Tiempo de lectura":"1 minuto"},"schema":{"@context":"https:\/\/schema.org","@graph":[{"@type":"Article","@id":"https:\/\/bellasartes.edu.py\/index.php\/2023\/10\/31\/hilarbahilar\/#article","isPartOf":{"@id":"https:\/\/bellasartes.edu.py\/index.php\/2023\/10\/31\/hilarbahilar\/"},"author":{"name":"comunicarte","@id":"https:\/\/bellasartes.edu.py\/#\/schema\/person\/6243d56ea2e518f0b57594d7a454e37a"},"headline":"HILARBAHILAR&#x1f3bc; M\u00fasica y Danza Contempor\u00e1nea &#x1f3b6;","datePublished":"2023-10-31T13:59:40+00:00","dateModified":"2023-11-08T15:49:32+00:00","mainEntityOfPage":{"@id":"https:\/\/bellasartes.edu.py\/index.php\/2023\/10\/31\/hilarbahilar\/"},"wordCount":116,"publisher":{"@id":"https:\/\/bellasartes.edu.py\/#organization"},"image":{"@id":"https:\/\/bellasartes.edu.py\/index.php\/2023\/10\/31\/hilarbahilar\/#primaryimage"},"thumbnailUrl":"https:\/\/bellasartes.edu.py\/wp-content\/uploads\/2023\/10\/WhatsApp-Image-2023-11-01-at-22.32.38.jpeg","articleSection":["Noticias"],"inLanguage":"es"},{"@type":"WebPage","@id":"https:\/\/bellasartes.edu.py\/index.php\/2023\/10\/31\/hilarbahilar\/","url":"https:\/\/bellasartes.edu.py\/index.php\/2023\/10\/31\/hilarbahilar\/","name":"HILARBAHILAR&#x1f3bc; M\u00fasica y Danza Contempor\u00e1nea &#x1f3b6; - Instituto Superior de Bellas Artes","isPartOf":{"@id":"https:\/\/bellasartes.edu.py\/#website"},"primaryImageOfPage":{"@id":"https:\/\/bellasartes.edu.py\/index.php\/2023\/10\/31\/hilarbahilar\/#primaryimage"},"image":{"@id":"https:\/\/bellasartes.edu.py\/index.php\/2023\/10\/31\/hilarbahilar\/#primaryimage"},"thumbnailUrl":"https:\/\/bellasartes.edu.py\/wp-content\/uploads\/2023\/10\/WhatsApp-Image-2023-11-01-at-22.32.38.jpeg","datePublished":"2023-10-31T13:59:40+00:00","dateModified":"2023-11-08T15:49:32+00:00","breadcrumb":{"@id":"https:\/\/bellasartes.edu.py\/index.php\/2023\/10\/31\/hilarbahilar\/#breadcrumb"},"inLanguage":"es","potentialAction":[{"@type":"ReadAction","target":["https:\/\/bellasartes.edu.py\/index.php\/2023\/10\/31\/hilarbahilar\/"]}]},{"@type":"ImageObject","inLanguage":"es","@id":"https:\/\/bellasartes.edu.py\/index.php\/2023\/10\/31\/hilarbahilar\/#primaryimage","url":"https:\/\/bellasartes.edu.py\/wp-content\/uploads\/2023\/10\/WhatsApp-Image-2023-11-01-at-22.32.38.jpeg","contentUrl":"https:\/\/bellasartes.edu.py\/wp-content\/uploads\/2023\/10\/WhatsApp-Image-2023-11-01-at-22.32.38.jpeg","width":1600,"height":1200},{"@type":"BreadcrumbList","@id":"https:\/\/bellasartes.edu.py\/index.php\/2023\/10\/31\/hilarbahilar\/#breadcrumb","itemListElement":[{"@type":"ListItem","position":1,"name":"Home","item":"https:\/\/bellasartes.edu.py\/"},{"@type":"ListItem","position":2,"name":"HILARBAHILAR&#x1f3bc; M\u00fasica y Danza Contempor\u00e1nea &#x1f3b6;"}]},{"@type":"WebSite","@id":"https:\/\/bellasartes.edu.py\/#website","url":"https:\/\/bellasartes.edu.py\/","name":"Instituto Superior de Bellas Artes","description":"","publisher":{"@id":"https:\/\/bellasartes.edu.py\/#organization"},"potentialAction":[{"@type":"SearchAction","target":{"@type":"EntryPoint","urlTemplate":"https:\/\/bellasartes.edu.py\/?s={search_term_string}"},"query-input":{"@type":"PropertyValueSpecification","valueRequired":true,"valueName":"search_term_string"}}],"inLanguage":"es"},{"@type":"Organization","@id":"https:\/\/bellasartes.edu.py\/#organization","name":"Instituto Superior de Bellas Artes","url":"https:\/\/bellasartes.edu.py\/","logo":{"@type":"ImageObject","inLanguage":"es","@id":"https:\/\/bellasartes.edu.py\/#\/schema\/logo\/image\/","url":"https:\/\/bellasartes.edu.py\/wp-content\/uploads\/2024\/03\/cropped-imagenes-y-logos_Mesa-de-trabajo-1.png","contentUrl":"https:\/\/bellasartes.edu.py\/wp-content\/uploads\/2024\/03\/cropped-imagenes-y-logos_Mesa-de-trabajo-1.png","width":512,"height":512,"caption":"Instituto Superior de Bellas Artes"},"image":{"@id":"https:\/\/bellasartes.edu.py\/#\/schema\/logo\/image\/"},"sameAs":["https:\/\/www.facebook.com\/isbaoficial","https:\/\/www.instagram.com\/bellasartes.py\/","https:\/\/www.linkedin.com\/school\/74351323\/admin\/feed\/posts\/"]},{"@type":"Person","@id":"https:\/\/bellasartes.edu.py\/#\/schema\/person\/6243d56ea2e518f0b57594d7a454e37a","name":"comunicarte","image":{"@type":"ImageObject","inLanguage":"es","@id":"https:\/\/secure.gravatar.com\/avatar\/73b4d6769843e544de958c36b6a5ccd5fbfbe514a048340133a4d304a2f5777b?s=96&d=mm&r=g","url":"https:\/\/secure.gravatar.com\/avatar\/73b4d6769843e544de958c36b6a5ccd5fbfbe514a048340133a4d304a2f5777b?s=96&d=mm&r=g","contentUrl":"https:\/\/secure.gravatar.com\/avatar\/73b4d6769843e544de958c36b6a5ccd5fbfbe514a048340133a4d304a2f5777b?s=96&d=mm&r=g","caption":"comunicarte"},"url":"https:\/\/bellasartes.edu.py\/index.php\/author\/comunicarte\/"}]}},"jetpack_featured_media_url":"https:\/\/bellasartes.edu.py\/wp-content\/uploads\/2023\/10\/WhatsApp-Image-2023-11-01-at-22.32.38.jpeg","jetpack_sharing_enabled":true,"_links":{"self":[{"href":"https:\/\/bellasartes.edu.py\/index.php\/wp-json\/wp\/v2\/posts\/3570","targetHints":{"allow":["GET"]}}],"collection":[{"href":"https:\/\/bellasartes.edu.py\/index.php\/wp-json\/wp\/v2\/posts"}],"about":[{"href":"https:\/\/bellasartes.edu.py\/index.php\/wp-json\/wp\/v2\/types\/post"}],"author":[{"embeddable":true,"href":"https:\/\/bellasartes.edu.py\/index.php\/wp-json\/wp\/v2\/users\/3"}],"replies":[{"embeddable":true,"href":"https:\/\/bellasartes.edu.py\/index.php\/wp-json\/wp\/v2\/comments?post=3570"}],"version-history":[{"count":2,"href":"https:\/\/bellasartes.edu.py\/index.php\/wp-json\/wp\/v2\/posts\/3570\/revisions"}],"predecessor-version":[{"id":3573,"href":"https:\/\/bellasartes.edu.py\/index.php\/wp-json\/wp\/v2\/posts\/3570\/revisions\/3573"}],"wp:featuredmedia":[{"embeddable":true,"href":"https:\/\/bellasartes.edu.py\/index.php\/wp-json\/wp\/v2\/media\/3578"}],"wp:attachment":[{"href":"https:\/\/bellasartes.edu.py\/index.php\/wp-json\/wp\/v2\/media?parent=3570"}],"wp:term":[{"taxonomy":"category","embeddable":true,"href":"https:\/\/bellasartes.edu.py\/index.php\/wp-json\/wp\/v2\/categories?post=3570"},{"taxonomy":"post_tag","embeddable":true,"href":"https:\/\/bellasartes.edu.py\/index.php\/wp-json\/wp\/v2\/tags?post=3570"}],"curies":[{"name":"wp","href":"https:\/\/api.w.org\/{rel}","templated":true}]}}