{"id":3866,"date":"2024-04-17T19:19:37","date_gmt":"2024-04-17T19:19:37","guid":{"rendered":"https:\/\/bellasartes.edu.py\/?p=3866"},"modified":"2024-04-17T19:20:17","modified_gmt":"2024-04-17T19:20:17","slug":"homenaje-al-maestro-jose-asuncion-flores","status":"publish","type":"post","link":"https:\/\/bellasartes.edu.py\/index.php\/2024\/04\/17\/homenaje-al-maestro-jose-asuncion-flores\/","title":{"rendered":"Homenaje al Maestro Jos\u00e9 Asunci\u00f3n Flores"},"content":{"rendered":"\n<p>El mi\u00e9rcoles 17 de abril se llev\u00f3 a cabo el homenaje al Maestro Jos\u00e9 Asunci\u00f3n Flores en la plaza que lleva su nombre.<br>El acto solemne de descubrimiento de una placa y monolito en homenaje al recordado compositor, esruvo a cargo de la C\u00e1mara de Comercio, Producci\u00f3n y Cultura Paraguayo-Rusa, el Instituto Superior de Bellas Artes, la Asociaci\u00f3n de los Rusos y sus Recidentes en Paraguay y la Casa de Rusia en Buenos Aires.<br>El acto cont\u00f3 con la presencia de Antonio Pecci, miembro de la Directiva del Ateneo Jos\u00e9 Asunci\u00f3n Flores.<br>El monolito es un aporte del Instituto Superior de Bellas Artes, creaci\u00f3n del Prof. Lorenzo Romero.<\/p>\n","protected":false},"excerpt":{"rendered":"<p>El mi\u00e9rcoles 17 de abril se llev\u00f3 a cabo el homenaje al Maestro Jos\u00e9 Asunci\u00f3n Flores en la plaza que lleva su nombre.El acto solemne de descubrimiento de una placa y monolito en homenaje al recordado compositor, esruvo a cargo de la C\u00e1mara de Comercio, Producci\u00f3n y Cultura Paraguayo-Rusa, el Instituto Superior de Bellas Artes, [&hellip;]<\/p>\n","protected":false},"author":3,"featured_media":3867,"comment_status":"closed","ping_status":"closed","sticky":false,"template":"","format":"standard","meta":{"_et_pb_use_builder":"","_et_pb_old_content":"","_et_gb_content_width":"","inline_featured_image":false,"fifu_image_url":"","fifu_image_alt":"","_jetpack_memberships_contains_paid_content":false,"footnotes":""},"categories":[3],"tags":[],"class_list":["post-3866","post","type-post","status-publish","format-standard","has-post-thumbnail","hentry","category-noticias"],"yoast_head":"<!-- This site is optimized with the Yoast SEO plugin v27.5 - https:\/\/yoast.com\/product\/yoast-seo-wordpress\/ -->\n<title>Homenaje al Maestro Jos\u00e9 Asunci\u00f3n Flores - Instituto Superior de Bellas Artes<\/title>\n<meta name=\"robots\" content=\"index, follow, max-snippet:-1, max-image-preview:large, max-video-preview:-1\" \/>\n<link rel=\"canonical\" href=\"https:\/\/bellasartes.edu.py\/index.php\/2024\/04\/17\/homenaje-al-maestro-jose-asuncion-flores\/\" \/>\n<meta property=\"og:locale\" content=\"es_ES\" \/>\n<meta property=\"og:type\" content=\"article\" \/>\n<meta property=\"og:title\" content=\"Homenaje al Maestro Jos\u00e9 Asunci\u00f3n Flores - Instituto Superior de Bellas Artes\" \/>\n<meta property=\"og:description\" content=\"El mi\u00e9rcoles 17 de abril se llev\u00f3 a cabo el homenaje al Maestro Jos\u00e9 Asunci\u00f3n Flores en la plaza que lleva su nombre.El acto solemne de descubrimiento de una placa y monolito en homenaje al recordado compositor, esruvo a cargo de la C\u00e1mara de Comercio, Producci\u00f3n y Cultura Paraguayo-Rusa, el Instituto Superior de Bellas Artes, [&hellip;]\" \/>\n<meta property=\"og:url\" content=\"https:\/\/bellasartes.edu.py\/index.php\/2024\/04\/17\/homenaje-al-maestro-jose-asuncion-flores\/\" \/>\n<meta property=\"og:site_name\" content=\"Instituto Superior de Bellas Artes\" \/>\n<meta property=\"article:publisher\" content=\"https:\/\/www.facebook.com\/isbaoficial\" \/>\n<meta property=\"article:published_time\" content=\"2024-04-17T19:19:37+00:00\" \/>\n<meta property=\"article:modified_time\" content=\"2024-04-17T19:20:17+00:00\" \/>\n<meta property=\"og:image\" content=\"https:\/\/bellasartes.edu.py\/wp-content\/uploads\/2024\/04\/WhatsApp-Image-2024-04-17-at-2.11.34-PM.jpeg\" \/>\n\t<meta property=\"og:image:width\" content=\"1600\" \/>\n\t<meta property=\"og:image:height\" content=\"1200\" \/>\n\t<meta property=\"og:image:type\" content=\"image\/jpeg\" \/>\n<meta name=\"author\" content=\"comunicarte\" \/>\n<meta name=\"twitter:card\" content=\"summary_large_image\" \/>\n<meta name=\"twitter:label1\" content=\"Escrito por\" \/>\n\t<meta name=\"twitter:data1\" content=\"comunicarte\" \/>\n\t<meta name=\"twitter:label2\" content=\"Tiempo de lectura\" \/>\n\t<meta name=\"twitter:data2\" content=\"1 minuto\" \/>\n<script type=\"application\/ld+json\" class=\"yoast-schema-graph\">{\"@context\":\"https:\\\/\\\/schema.org\",\"@graph\":[{\"@type\":\"Article\",\"@id\":\"https:\\\/\\\/bellasartes.edu.py\\\/index.php\\\/2024\\\/04\\\/17\\\/homenaje-al-maestro-jose-asuncion-flores\\\/#article\",\"isPartOf\":{\"@id\":\"https:\\\/\\\/bellasartes.edu.py\\\/index.php\\\/2024\\\/04\\\/17\\\/homenaje-al-maestro-jose-asuncion-flores\\\/\"},\"author\":{\"name\":\"comunicarte\",\"@id\":\"https:\\\/\\\/bellasartes.edu.py\\\/#\\\/schema\\\/person\\\/6243d56ea2e518f0b57594d7a454e37a\"},\"headline\":\"Homenaje al Maestro Jos\u00e9 Asunci\u00f3n Flores\",\"datePublished\":\"2024-04-17T19:19:37+00:00\",\"dateModified\":\"2024-04-17T19:20:17+00:00\",\"mainEntityOfPage\":{\"@id\":\"https:\\\/\\\/bellasartes.edu.py\\\/index.php\\\/2024\\\/04\\\/17\\\/homenaje-al-maestro-jose-asuncion-flores\\\/\"},\"wordCount\":121,\"publisher\":{\"@id\":\"https:\\\/\\\/bellasartes.edu.py\\\/#organization\"},\"image\":{\"@id\":\"https:\\\/\\\/bellasartes.edu.py\\\/index.php\\\/2024\\\/04\\\/17\\\/homenaje-al-maestro-jose-asuncion-flores\\\/#primaryimage\"},\"thumbnailUrl\":\"https:\\\/\\\/bellasartes.edu.py\\\/wp-content\\\/uploads\\\/2024\\\/04\\\/WhatsApp-Image-2024-04-17-at-2.11.34-PM.jpeg\",\"articleSection\":[\"Noticias\"],\"inLanguage\":\"es\"},{\"@type\":\"WebPage\",\"@id\":\"https:\\\/\\\/bellasartes.edu.py\\\/index.php\\\/2024\\\/04\\\/17\\\/homenaje-al-maestro-jose-asuncion-flores\\\/\",\"url\":\"https:\\\/\\\/bellasartes.edu.py\\\/index.php\\\/2024\\\/04\\\/17\\\/homenaje-al-maestro-jose-asuncion-flores\\\/\",\"name\":\"Homenaje al Maestro Jos\u00e9 Asunci\u00f3n Flores - Instituto Superior de Bellas Artes\",\"isPartOf\":{\"@id\":\"https:\\\/\\\/bellasartes.edu.py\\\/#website\"},\"primaryImageOfPage\":{\"@id\":\"https:\\\/\\\/bellasartes.edu.py\\\/index.php\\\/2024\\\/04\\\/17\\\/homenaje-al-maestro-jose-asuncion-flores\\\/#primaryimage\"},\"image\":{\"@id\":\"https:\\\/\\\/bellasartes.edu.py\\\/index.php\\\/2024\\\/04\\\/17\\\/homenaje-al-maestro-jose-asuncion-flores\\\/#primaryimage\"},\"thumbnailUrl\":\"https:\\\/\\\/bellasartes.edu.py\\\/wp-content\\\/uploads\\\/2024\\\/04\\\/WhatsApp-Image-2024-04-17-at-2.11.34-PM.jpeg\",\"datePublished\":\"2024-04-17T19:19:37+00:00\",\"dateModified\":\"2024-04-17T19:20:17+00:00\",\"breadcrumb\":{\"@id\":\"https:\\\/\\\/bellasartes.edu.py\\\/index.php\\\/2024\\\/04\\\/17\\\/homenaje-al-maestro-jose-asuncion-flores\\\/#breadcrumb\"},\"inLanguage\":\"es\",\"potentialAction\":[{\"@type\":\"ReadAction\",\"target\":[\"https:\\\/\\\/bellasartes.edu.py\\\/index.php\\\/2024\\\/04\\\/17\\\/homenaje-al-maestro-jose-asuncion-flores\\\/\"]}]},{\"@type\":\"ImageObject\",\"inLanguage\":\"es\",\"@id\":\"https:\\\/\\\/bellasartes.edu.py\\\/index.php\\\/2024\\\/04\\\/17\\\/homenaje-al-maestro-jose-asuncion-flores\\\/#primaryimage\",\"url\":\"https:\\\/\\\/bellasartes.edu.py\\\/wp-content\\\/uploads\\\/2024\\\/04\\\/WhatsApp-Image-2024-04-17-at-2.11.34-PM.jpeg\",\"contentUrl\":\"https:\\\/\\\/bellasartes.edu.py\\\/wp-content\\\/uploads\\\/2024\\\/04\\\/WhatsApp-Image-2024-04-17-at-2.11.34-PM.jpeg\",\"width\":1600,\"height\":1200},{\"@type\":\"BreadcrumbList\",\"@id\":\"https:\\\/\\\/bellasartes.edu.py\\\/index.php\\\/2024\\\/04\\\/17\\\/homenaje-al-maestro-jose-asuncion-flores\\\/#breadcrumb\",\"itemListElement\":[{\"@type\":\"ListItem\",\"position\":1,\"name\":\"Home\",\"item\":\"https:\\\/\\\/bellasartes.edu.py\\\/\"},{\"@type\":\"ListItem\",\"position\":2,\"name\":\"Homenaje al Maestro Jos\u00e9 Asunci\u00f3n Flores\"}]},{\"@type\":\"WebSite\",\"@id\":\"https:\\\/\\\/bellasartes.edu.py\\\/#website\",\"url\":\"https:\\\/\\\/bellasartes.edu.py\\\/\",\"name\":\"Instituto Superior de Bellas Artes\",\"description\":\"\",\"publisher\":{\"@id\":\"https:\\\/\\\/bellasartes.edu.py\\\/#organization\"},\"potentialAction\":[{\"@type\":\"SearchAction\",\"target\":{\"@type\":\"EntryPoint\",\"urlTemplate\":\"https:\\\/\\\/bellasartes.edu.py\\\/?s={search_term_string}\"},\"query-input\":{\"@type\":\"PropertyValueSpecification\",\"valueRequired\":true,\"valueName\":\"search_term_string\"}}],\"inLanguage\":\"es\"},{\"@type\":\"Organization\",\"@id\":\"https:\\\/\\\/bellasartes.edu.py\\\/#organization\",\"name\":\"Instituto Superior de Bellas Artes\",\"url\":\"https:\\\/\\\/bellasartes.edu.py\\\/\",\"logo\":{\"@type\":\"ImageObject\",\"inLanguage\":\"es\",\"@id\":\"https:\\\/\\\/bellasartes.edu.py\\\/#\\\/schema\\\/logo\\\/image\\\/\",\"url\":\"https:\\\/\\\/bellasartes.edu.py\\\/wp-content\\\/uploads\\\/2024\\\/03\\\/cropped-imagenes-y-logos_Mesa-de-trabajo-1.png\",\"contentUrl\":\"https:\\\/\\\/bellasartes.edu.py\\\/wp-content\\\/uploads\\\/2024\\\/03\\\/cropped-imagenes-y-logos_Mesa-de-trabajo-1.png\",\"width\":512,\"height\":512,\"caption\":\"Instituto Superior de Bellas Artes\"},\"image\":{\"@id\":\"https:\\\/\\\/bellasartes.edu.py\\\/#\\\/schema\\\/logo\\\/image\\\/\"},\"sameAs\":[\"https:\\\/\\\/www.facebook.com\\\/isbaoficial\",\"https:\\\/\\\/www.instagram.com\\\/bellasartes.py\\\/\",\"https:\\\/\\\/www.linkedin.com\\\/school\\\/74351323\\\/admin\\\/feed\\\/posts\\\/\"]},{\"@type\":\"Person\",\"@id\":\"https:\\\/\\\/bellasartes.edu.py\\\/#\\\/schema\\\/person\\\/6243d56ea2e518f0b57594d7a454e37a\",\"name\":\"comunicarte\",\"image\":{\"@type\":\"ImageObject\",\"inLanguage\":\"es\",\"@id\":\"https:\\\/\\\/secure.gravatar.com\\\/avatar\\\/73b4d6769843e544de958c36b6a5ccd5fbfbe514a048340133a4d304a2f5777b?s=96&d=mm&r=g\",\"url\":\"https:\\\/\\\/secure.gravatar.com\\\/avatar\\\/73b4d6769843e544de958c36b6a5ccd5fbfbe514a048340133a4d304a2f5777b?s=96&d=mm&r=g\",\"contentUrl\":\"https:\\\/\\\/secure.gravatar.com\\\/avatar\\\/73b4d6769843e544de958c36b6a5ccd5fbfbe514a048340133a4d304a2f5777b?s=96&d=mm&r=g\",\"caption\":\"comunicarte\"},\"url\":\"https:\\\/\\\/bellasartes.edu.py\\\/index.php\\\/author\\\/comunicarte\\\/\"}]}<\/script>\n<!-- \/ Yoast SEO plugin. -->","yoast_head_json":{"title":"Homenaje al Maestro Jos\u00e9 Asunci\u00f3n Flores - Instituto Superior de Bellas Artes","robots":{"index":"index","follow":"follow","max-snippet":"max-snippet:-1","max-image-preview":"max-image-preview:large","max-video-preview":"max-video-preview:-1"},"canonical":"https:\/\/bellasartes.edu.py\/index.php\/2024\/04\/17\/homenaje-al-maestro-jose-asuncion-flores\/","og_locale":"es_ES","og_type":"article","og_title":"Homenaje al Maestro Jos\u00e9 Asunci\u00f3n Flores - Instituto Superior de Bellas Artes","og_description":"El mi\u00e9rcoles 17 de abril se llev\u00f3 a cabo el homenaje al Maestro Jos\u00e9 Asunci\u00f3n Flores en la plaza que lleva su nombre.El acto solemne de descubrimiento de una placa y monolito en homenaje al recordado compositor, esruvo a cargo de la C\u00e1mara de Comercio, Producci\u00f3n y Cultura Paraguayo-Rusa, el Instituto Superior de Bellas Artes, [&hellip;]","og_url":"https:\/\/bellasartes.edu.py\/index.php\/2024\/04\/17\/homenaje-al-maestro-jose-asuncion-flores\/","og_site_name":"Instituto Superior de Bellas Artes","article_publisher":"https:\/\/www.facebook.com\/isbaoficial","article_published_time":"2024-04-17T19:19:37+00:00","article_modified_time":"2024-04-17T19:20:17+00:00","og_image":[{"width":1600,"height":1200,"url":"https:\/\/bellasartes.edu.py\/wp-content\/uploads\/2024\/04\/WhatsApp-Image-2024-04-17-at-2.11.34-PM.jpeg","type":"image\/jpeg"}],"author":"comunicarte","twitter_card":"summary_large_image","twitter_misc":{"Escrito por":"comunicarte","Tiempo de lectura":"1 minuto"},"schema":{"@context":"https:\/\/schema.org","@graph":[{"@type":"Article","@id":"https:\/\/bellasartes.edu.py\/index.php\/2024\/04\/17\/homenaje-al-maestro-jose-asuncion-flores\/#article","isPartOf":{"@id":"https:\/\/bellasartes.edu.py\/index.php\/2024\/04\/17\/homenaje-al-maestro-jose-asuncion-flores\/"},"author":{"name":"comunicarte","@id":"https:\/\/bellasartes.edu.py\/#\/schema\/person\/6243d56ea2e518f0b57594d7a454e37a"},"headline":"Homenaje al Maestro Jos\u00e9 Asunci\u00f3n Flores","datePublished":"2024-04-17T19:19:37+00:00","dateModified":"2024-04-17T19:20:17+00:00","mainEntityOfPage":{"@id":"https:\/\/bellasartes.edu.py\/index.php\/2024\/04\/17\/homenaje-al-maestro-jose-asuncion-flores\/"},"wordCount":121,"publisher":{"@id":"https:\/\/bellasartes.edu.py\/#organization"},"image":{"@id":"https:\/\/bellasartes.edu.py\/index.php\/2024\/04\/17\/homenaje-al-maestro-jose-asuncion-flores\/#primaryimage"},"thumbnailUrl":"https:\/\/bellasartes.edu.py\/wp-content\/uploads\/2024\/04\/WhatsApp-Image-2024-04-17-at-2.11.34-PM.jpeg","articleSection":["Noticias"],"inLanguage":"es"},{"@type":"WebPage","@id":"https:\/\/bellasartes.edu.py\/index.php\/2024\/04\/17\/homenaje-al-maestro-jose-asuncion-flores\/","url":"https:\/\/bellasartes.edu.py\/index.php\/2024\/04\/17\/homenaje-al-maestro-jose-asuncion-flores\/","name":"Homenaje al Maestro Jos\u00e9 Asunci\u00f3n Flores - Instituto Superior de Bellas Artes","isPartOf":{"@id":"https:\/\/bellasartes.edu.py\/#website"},"primaryImageOfPage":{"@id":"https:\/\/bellasartes.edu.py\/index.php\/2024\/04\/17\/homenaje-al-maestro-jose-asuncion-flores\/#primaryimage"},"image":{"@id":"https:\/\/bellasartes.edu.py\/index.php\/2024\/04\/17\/homenaje-al-maestro-jose-asuncion-flores\/#primaryimage"},"thumbnailUrl":"https:\/\/bellasartes.edu.py\/wp-content\/uploads\/2024\/04\/WhatsApp-Image-2024-04-17-at-2.11.34-PM.jpeg","datePublished":"2024-04-17T19:19:37+00:00","dateModified":"2024-04-17T19:20:17+00:00","breadcrumb":{"@id":"https:\/\/bellasartes.edu.py\/index.php\/2024\/04\/17\/homenaje-al-maestro-jose-asuncion-flores\/#breadcrumb"},"inLanguage":"es","potentialAction":[{"@type":"ReadAction","target":["https:\/\/bellasartes.edu.py\/index.php\/2024\/04\/17\/homenaje-al-maestro-jose-asuncion-flores\/"]}]},{"@type":"ImageObject","inLanguage":"es","@id":"https:\/\/bellasartes.edu.py\/index.php\/2024\/04\/17\/homenaje-al-maestro-jose-asuncion-flores\/#primaryimage","url":"https:\/\/bellasartes.edu.py\/wp-content\/uploads\/2024\/04\/WhatsApp-Image-2024-04-17-at-2.11.34-PM.jpeg","contentUrl":"https:\/\/bellasartes.edu.py\/wp-content\/uploads\/2024\/04\/WhatsApp-Image-2024-04-17-at-2.11.34-PM.jpeg","width":1600,"height":1200},{"@type":"BreadcrumbList","@id":"https:\/\/bellasartes.edu.py\/index.php\/2024\/04\/17\/homenaje-al-maestro-jose-asuncion-flores\/#breadcrumb","itemListElement":[{"@type":"ListItem","position":1,"name":"Home","item":"https:\/\/bellasartes.edu.py\/"},{"@type":"ListItem","position":2,"name":"Homenaje al Maestro Jos\u00e9 Asunci\u00f3n Flores"}]},{"@type":"WebSite","@id":"https:\/\/bellasartes.edu.py\/#website","url":"https:\/\/bellasartes.edu.py\/","name":"Instituto Superior de Bellas Artes","description":"","publisher":{"@id":"https:\/\/bellasartes.edu.py\/#organization"},"potentialAction":[{"@type":"SearchAction","target":{"@type":"EntryPoint","urlTemplate":"https:\/\/bellasartes.edu.py\/?s={search_term_string}"},"query-input":{"@type":"PropertyValueSpecification","valueRequired":true,"valueName":"search_term_string"}}],"inLanguage":"es"},{"@type":"Organization","@id":"https:\/\/bellasartes.edu.py\/#organization","name":"Instituto Superior de Bellas Artes","url":"https:\/\/bellasartes.edu.py\/","logo":{"@type":"ImageObject","inLanguage":"es","@id":"https:\/\/bellasartes.edu.py\/#\/schema\/logo\/image\/","url":"https:\/\/bellasartes.edu.py\/wp-content\/uploads\/2024\/03\/cropped-imagenes-y-logos_Mesa-de-trabajo-1.png","contentUrl":"https:\/\/bellasartes.edu.py\/wp-content\/uploads\/2024\/03\/cropped-imagenes-y-logos_Mesa-de-trabajo-1.png","width":512,"height":512,"caption":"Instituto Superior de Bellas Artes"},"image":{"@id":"https:\/\/bellasartes.edu.py\/#\/schema\/logo\/image\/"},"sameAs":["https:\/\/www.facebook.com\/isbaoficial","https:\/\/www.instagram.com\/bellasartes.py\/","https:\/\/www.linkedin.com\/school\/74351323\/admin\/feed\/posts\/"]},{"@type":"Person","@id":"https:\/\/bellasartes.edu.py\/#\/schema\/person\/6243d56ea2e518f0b57594d7a454e37a","name":"comunicarte","image":{"@type":"ImageObject","inLanguage":"es","@id":"https:\/\/secure.gravatar.com\/avatar\/73b4d6769843e544de958c36b6a5ccd5fbfbe514a048340133a4d304a2f5777b?s=96&d=mm&r=g","url":"https:\/\/secure.gravatar.com\/avatar\/73b4d6769843e544de958c36b6a5ccd5fbfbe514a048340133a4d304a2f5777b?s=96&d=mm&r=g","contentUrl":"https:\/\/secure.gravatar.com\/avatar\/73b4d6769843e544de958c36b6a5ccd5fbfbe514a048340133a4d304a2f5777b?s=96&d=mm&r=g","caption":"comunicarte"},"url":"https:\/\/bellasartes.edu.py\/index.php\/author\/comunicarte\/"}]}},"jetpack_featured_media_url":"https:\/\/bellasartes.edu.py\/wp-content\/uploads\/2024\/04\/WhatsApp-Image-2024-04-17-at-2.11.34-PM.jpeg","jetpack_sharing_enabled":true,"_links":{"self":[{"href":"https:\/\/bellasartes.edu.py\/index.php\/wp-json\/wp\/v2\/posts\/3866","targetHints":{"allow":["GET"]}}],"collection":[{"href":"https:\/\/bellasartes.edu.py\/index.php\/wp-json\/wp\/v2\/posts"}],"about":[{"href":"https:\/\/bellasartes.edu.py\/index.php\/wp-json\/wp\/v2\/types\/post"}],"author":[{"embeddable":true,"href":"https:\/\/bellasartes.edu.py\/index.php\/wp-json\/wp\/v2\/users\/3"}],"replies":[{"embeddable":true,"href":"https:\/\/bellasartes.edu.py\/index.php\/wp-json\/wp\/v2\/comments?post=3866"}],"version-history":[{"count":1,"href":"https:\/\/bellasartes.edu.py\/index.php\/wp-json\/wp\/v2\/posts\/3866\/revisions"}],"predecessor-version":[{"id":3868,"href":"https:\/\/bellasartes.edu.py\/index.php\/wp-json\/wp\/v2\/posts\/3866\/revisions\/3868"}],"wp:featuredmedia":[{"embeddable":true,"href":"https:\/\/bellasartes.edu.py\/index.php\/wp-json\/wp\/v2\/media\/3867"}],"wp:attachment":[{"href":"https:\/\/bellasartes.edu.py\/index.php\/wp-json\/wp\/v2\/media?parent=3866"}],"wp:term":[{"taxonomy":"category","embeddable":true,"href":"https:\/\/bellasartes.edu.py\/index.php\/wp-json\/wp\/v2\/categories?post=3866"},{"taxonomy":"post_tag","embeddable":true,"href":"https:\/\/bellasartes.edu.py\/index.php\/wp-json\/wp\/v2\/tags?post=3866"}],"curies":[{"name":"wp","href":"https:\/\/api.w.org\/{rel}","templated":true}]}}