{"id":3953,"date":"2024-05-22T15:52:06","date_gmt":"2024-05-22T15:52:06","guid":{"rendered":"https:\/\/bellasartes.edu.py\/?p=3953"},"modified":"2024-05-22T16:59:10","modified_gmt":"2024-05-22T16:59:10","slug":"rigoberta-menchu-paraguay","status":"publish","type":"post","link":"https:\/\/bellasartes.edu.py\/index.php\/2024\/05\/22\/rigoberta-menchu-paraguay\/","title":{"rendered":"Bellas Artes presente en conferencia de Rigoberta Mench\u00fa en Paraguay"},"content":{"rendered":"\n<p>Paraguay recibi\u00f3 la visita de la activista guatemalteca, Rigoberta Mench\u00fa, quien ha sido galardonada con el Premio Nobel de la Paz en el a\u00f1o 1992, por su invaluable labor en favor de los derechos humanos, en particular, de los pueblos ind\u00edgenas. La destacada activista llev\u00f3 una cargada agenda dentro de la cual ofreci\u00f3 una conferencia magistral organizada por el CONES, el 21 de mayo.<\/p>\n\n\n\n<p>El Instituto Superior de Bellas Artes estuvo presente en el evento con la participaci\u00f3n del Director General, Mgtr. Osvaldo Olivera, acompa\u00f1ado del Director de Investigaci\u00f3n y Postgrado, Mgtr. Roberto Ayala y de la Coordinadora de la Licenciatura en Danza, Mgtr. Laura Melgarejo.<\/p>\n\n\n\n<figure class=\"wp-block-image size-large\"><img loading=\"lazy\" decoding=\"async\" width=\"1024\" height=\"683\" src=\"https:\/\/bellasartes.edu.py\/wp-content\/uploads\/2024\/05\/MG_3229-1024x683.jpg\" alt=\"\" class=\"wp-image-3955\" srcset=\"https:\/\/bellasartes.edu.py\/wp-content\/uploads\/2024\/05\/MG_3229-1024x683.jpg 1024w, https:\/\/bellasartes.edu.py\/wp-content\/uploads\/2024\/05\/MG_3229-scaled-600x400.jpg 600w, https:\/\/bellasartes.edu.py\/wp-content\/uploads\/2024\/05\/MG_3229-300x200.jpg 300w, https:\/\/bellasartes.edu.py\/wp-content\/uploads\/2024\/05\/MG_3229-768x512.jpg 768w, https:\/\/bellasartes.edu.py\/wp-content\/uploads\/2024\/05\/MG_3229-1536x1024.jpg 1536w, https:\/\/bellasartes.edu.py\/wp-content\/uploads\/2024\/05\/MG_3229-2048x1365.jpg 2048w, https:\/\/bellasartes.edu.py\/wp-content\/uploads\/2024\/05\/MG_3229-930x620.jpg 930w\" sizes=\"auto, (max-width: 1024px) 100vw, 1024px\" \/><\/figure>\n\n\n\n<p>La organizaci\u00f3n del evento estuvo a cargo del Consejo Nacional de Educaci\u00f3n Superior (CONES) y tuvo lugar en el Teatro del Puerto de Asunci\u00f3n.<\/p>\n\n\n\n<p>La Licenciatura en Danza de Bellas Artes ofreci\u00f3 n\u00fameros art\u00edsticos en el marco del encuentro.<\/p>\n\n\n\n<div class=\"wp-block-jetpack-slideshow aligncenter\"><div data-effect=\"slide\"><div class=\"wp-block-jetpack-slideshow_container swiper-container\"><ul class=\"wp-block-jetpack-slideshow_swiper-wrapper swiper-wrapper\"><li class=\"wp-block-jetpack-slideshow_slide swiper-slide\"><figure><img loading=\"lazy\" decoding=\"async\" width=\"1024\" height=\"683\" alt=\"\" class=\"wp-block-jetpack-slideshow_image wp-image-3956\" data-id=\"3956\" src=\"https:\/\/bellasartes.edu.py\/wp-content\/uploads\/2024\/05\/MG_2829-1024x683.jpg\" srcset=\"https:\/\/bellasartes.edu.py\/wp-content\/uploads\/2024\/05\/MG_2829-1024x683.jpg 1024w, https:\/\/bellasartes.edu.py\/wp-content\/uploads\/2024\/05\/MG_2829-scaled-600x400.jpg 600w, https:\/\/bellasartes.edu.py\/wp-content\/uploads\/2024\/05\/MG_2829-300x200.jpg 300w, https:\/\/bellasartes.edu.py\/wp-content\/uploads\/2024\/05\/MG_2829-768x512.jpg 768w, https:\/\/bellasartes.edu.py\/wp-content\/uploads\/2024\/05\/MG_2829-1536x1024.jpg 1536w, https:\/\/bellasartes.edu.py\/wp-content\/uploads\/2024\/05\/MG_2829-2048x1365.jpg 2048w, https:\/\/bellasartes.edu.py\/wp-content\/uploads\/2024\/05\/MG_2829-930x620.jpg 930w\" sizes=\"(max-width: 1024px) 100vw, 1024px\" \/><\/figure><\/li><li class=\"wp-block-jetpack-slideshow_slide swiper-slide\"><figure><img loading=\"lazy\" decoding=\"async\" width=\"1024\" height=\"683\" alt=\"\" class=\"wp-block-jetpack-slideshow_image wp-image-3957\" data-id=\"3957\" src=\"https:\/\/bellasartes.edu.py\/wp-content\/uploads\/2024\/05\/MG_2924-1024x683.jpg\" srcset=\"https:\/\/bellasartes.edu.py\/wp-content\/uploads\/2024\/05\/MG_2924-1024x683.jpg 1024w, https:\/\/bellasartes.edu.py\/wp-content\/uploads\/2024\/05\/MG_2924-scaled-600x400.jpg 600w, https:\/\/bellasartes.edu.py\/wp-content\/uploads\/2024\/05\/MG_2924-300x200.jpg 300w, https:\/\/bellasartes.edu.py\/wp-content\/uploads\/2024\/05\/MG_2924-768x512.jpg 768w, https:\/\/bellasartes.edu.py\/wp-content\/uploads\/2024\/05\/MG_2924-1536x1024.jpg 1536w, https:\/\/bellasartes.edu.py\/wp-content\/uploads\/2024\/05\/MG_2924-2048x1365.jpg 2048w, https:\/\/bellasartes.edu.py\/wp-content\/uploads\/2024\/05\/MG_2924-930x620.jpg 930w\" sizes=\"(max-width: 1024px) 100vw, 1024px\" \/><\/figure><\/li><li class=\"wp-block-jetpack-slideshow_slide swiper-slide\"><figure><img loading=\"lazy\" decoding=\"async\" width=\"1024\" height=\"683\" alt=\"\" class=\"wp-block-jetpack-slideshow_image wp-image-3958\" data-id=\"3958\" src=\"https:\/\/bellasartes.edu.py\/wp-content\/uploads\/2024\/05\/MG_2960-1024x683.jpg\" srcset=\"https:\/\/bellasartes.edu.py\/wp-content\/uploads\/2024\/05\/MG_2960-1024x683.jpg 1024w, https:\/\/bellasartes.edu.py\/wp-content\/uploads\/2024\/05\/MG_2960-scaled-600x400.jpg 600w, https:\/\/bellasartes.edu.py\/wp-content\/uploads\/2024\/05\/MG_2960-300x200.jpg 300w, https:\/\/bellasartes.edu.py\/wp-content\/uploads\/2024\/05\/MG_2960-768x512.jpg 768w, https:\/\/bellasartes.edu.py\/wp-content\/uploads\/2024\/05\/MG_2960-1536x1024.jpg 1536w, https:\/\/bellasartes.edu.py\/wp-content\/uploads\/2024\/05\/MG_2960-2048x1365.jpg 2048w, https:\/\/bellasartes.edu.py\/wp-content\/uploads\/2024\/05\/MG_2960-930x620.jpg 930w\" sizes=\"(max-width: 1024px) 100vw, 1024px\" \/><\/figure><\/li><\/ul><a class=\"wp-block-jetpack-slideshow_button-prev swiper-button-prev swiper-button-white\" role=\"button\"><\/a><a class=\"wp-block-jetpack-slideshow_button-next swiper-button-next swiper-button-white\" role=\"button\"><\/a><a aria-label=\"Pause Slideshow\" class=\"wp-block-jetpack-slideshow_button-pause\" role=\"button\"><\/a><div class=\"wp-block-jetpack-slideshow_pagination swiper-pagination swiper-pagination-white\"><\/div><\/div><\/div><\/div>\n\n\n\n<p>En el evento, la visitante ilustre recibi\u00f3 varios reconocimientos y obsequios por parte de las instituciones presentes.<\/p>\n\n\n\n<div class=\"wp-block-jetpack-slideshow aligncenter\"><div data-effect=\"slide\"><div class=\"wp-block-jetpack-slideshow_container swiper-container\"><ul class=\"wp-block-jetpack-slideshow_swiper-wrapper swiper-wrapper\"><li class=\"wp-block-jetpack-slideshow_slide swiper-slide\"><figure><img loading=\"lazy\" decoding=\"async\" width=\"1024\" height=\"683\" alt=\"\" class=\"wp-block-jetpack-slideshow_image wp-image-3959\" data-id=\"3959\" src=\"https:\/\/bellasartes.edu.py\/wp-content\/uploads\/2024\/05\/MG_2865-1024x683.jpg\" srcset=\"https:\/\/bellasartes.edu.py\/wp-content\/uploads\/2024\/05\/MG_2865-1024x683.jpg 1024w, https:\/\/bellasartes.edu.py\/wp-content\/uploads\/2024\/05\/MG_2865-scaled-600x400.jpg 600w, https:\/\/bellasartes.edu.py\/wp-content\/uploads\/2024\/05\/MG_2865-300x200.jpg 300w, https:\/\/bellasartes.edu.py\/wp-content\/uploads\/2024\/05\/MG_2865-768x512.jpg 768w, https:\/\/bellasartes.edu.py\/wp-content\/uploads\/2024\/05\/MG_2865-1536x1024.jpg 1536w, https:\/\/bellasartes.edu.py\/wp-content\/uploads\/2024\/05\/MG_2865-2048x1365.jpg 2048w, https:\/\/bellasartes.edu.py\/wp-content\/uploads\/2024\/05\/MG_2865-930x620.jpg 930w\" sizes=\"(max-width: 1024px) 100vw, 1024px\" \/><\/figure><\/li><li class=\"wp-block-jetpack-slideshow_slide swiper-slide\"><figure><img loading=\"lazy\" decoding=\"async\" width=\"1024\" height=\"683\" alt=\"\" class=\"wp-block-jetpack-slideshow_image wp-image-3960\" data-id=\"3960\" src=\"https:\/\/bellasartes.edu.py\/wp-content\/uploads\/2024\/05\/MG_2973-1024x683.jpg\" srcset=\"https:\/\/bellasartes.edu.py\/wp-content\/uploads\/2024\/05\/MG_2973-1024x683.jpg 1024w, https:\/\/bellasartes.edu.py\/wp-content\/uploads\/2024\/05\/MG_2973-scaled-600x400.jpg 600w, https:\/\/bellasartes.edu.py\/wp-content\/uploads\/2024\/05\/MG_2973-300x200.jpg 300w, https:\/\/bellasartes.edu.py\/wp-content\/uploads\/2024\/05\/MG_2973-768x512.jpg 768w, https:\/\/bellasartes.edu.py\/wp-content\/uploads\/2024\/05\/MG_2973-1536x1024.jpg 1536w, https:\/\/bellasartes.edu.py\/wp-content\/uploads\/2024\/05\/MG_2973-2048x1365.jpg 2048w, https:\/\/bellasartes.edu.py\/wp-content\/uploads\/2024\/05\/MG_2973-930x620.jpg 930w\" sizes=\"(max-width: 1024px) 100vw, 1024px\" \/><\/figure><\/li><li class=\"wp-block-jetpack-slideshow_slide swiper-slide\"><figure><img loading=\"lazy\" decoding=\"async\" width=\"1024\" height=\"683\" alt=\"\" class=\"wp-block-jetpack-slideshow_image wp-image-3975\" data-id=\"3975\" src=\"https:\/\/bellasartes.edu.py\/wp-content\/uploads\/2024\/05\/MG_3012-7-1024x683.jpg\" srcset=\"https:\/\/bellasartes.edu.py\/wp-content\/uploads\/2024\/05\/MG_3012-7-1024x683.jpg 1024w, https:\/\/bellasartes.edu.py\/wp-content\/uploads\/2024\/05\/MG_3012-7-scaled-600x400.jpg 600w, https:\/\/bellasartes.edu.py\/wp-content\/uploads\/2024\/05\/MG_3012-7-300x200.jpg 300w, https:\/\/bellasartes.edu.py\/wp-content\/uploads\/2024\/05\/MG_3012-7-768x512.jpg 768w, https:\/\/bellasartes.edu.py\/wp-content\/uploads\/2024\/05\/MG_3012-7-1536x1024.jpg 1536w, https:\/\/bellasartes.edu.py\/wp-content\/uploads\/2024\/05\/MG_3012-7-2048x1365.jpg 2048w, https:\/\/bellasartes.edu.py\/wp-content\/uploads\/2024\/05\/MG_3012-7-930x620.jpg 930w\" sizes=\"(max-width: 1024px) 100vw, 1024px\" \/><\/figure><\/li><\/ul><a class=\"wp-block-jetpack-slideshow_button-prev swiper-button-prev swiper-button-white\" role=\"button\"><\/a><a class=\"wp-block-jetpack-slideshow_button-next swiper-button-next swiper-button-white\" role=\"button\"><\/a><a aria-label=\"Pause Slideshow\" class=\"wp-block-jetpack-slideshow_button-pause\" role=\"button\"><\/a><div class=\"wp-block-jetpack-slideshow_pagination swiper-pagination swiper-pagination-white\"><\/div><\/div><\/div><\/div>\n","protected":false},"excerpt":{"rendered":"<p>Paraguay recibi\u00f3 la visita de la activista guatemalteca, Rigoberta Mench\u00fa, quien ha sido galardonada con el Premio Nobel de la Paz en el a\u00f1o 1992, por su invaluable labor en favor de los derechos humanos, en particular, de los pueblos ind\u00edgenas. La destacada activista llev\u00f3 una cargada agenda dentro de la cual ofreci\u00f3 una conferencia [&hellip;]<\/p>\n","protected":false},"author":3,"featured_media":3954,"comment_status":"closed","ping_status":"closed","sticky":false,"template":"","format":"standard","meta":{"_et_pb_use_builder":"","_et_pb_old_content":"","_et_gb_content_width":"","inline_featured_image":false,"fifu_image_url":"","fifu_image_alt":"","_jetpack_memberships_contains_paid_content":false,"footnotes":""},"categories":[3],"tags":[],"class_list":["post-3953","post","type-post","status-publish","format-standard","has-post-thumbnail","hentry","category-noticias"],"yoast_head":"<!-- This site is optimized with the Yoast SEO plugin v27.5 - https:\/\/yoast.com\/product\/yoast-seo-wordpress\/ -->\n<title>Bellas Artes presente en conferencia de Rigoberta Mench\u00fa en Paraguay - Instituto Superior de Bellas Artes<\/title>\n<meta name=\"description\" content=\"Paraguay recibi\u00f3 la visita de la activista guatemalteca, Rigoberta Mench\u00fa, quien ha sido galardonada con el Premio Nobel de la Paz en el a\u00f1o 1992, por su invaluable labor en favor de los derechos humanos, en particular, de los pueblos ind\u00edgenas. La destacada activista llev\u00f3 una cargada agenda dentro de la cual ofreci\u00f3 una conferencia magistral organizada por el CONES, el 21 de mayo.\" \/>\n<meta name=\"robots\" content=\"index, follow, max-snippet:-1, max-image-preview:large, max-video-preview:-1\" \/>\n<link rel=\"canonical\" href=\"https:\/\/bellasartes.edu.py\/index.php\/2024\/05\/22\/rigoberta-menchu-paraguay\/\" \/>\n<meta property=\"og:locale\" content=\"es_ES\" \/>\n<meta property=\"og:type\" content=\"article\" \/>\n<meta property=\"og:title\" content=\"Bellas Artes presente en conferencia de Rigoberta Mench\u00fa en Paraguay - Instituto Superior de Bellas Artes\" \/>\n<meta property=\"og:description\" content=\"Paraguay recibi\u00f3 la visita de la activista guatemalteca, Rigoberta Mench\u00fa, quien ha sido galardonada con el Premio Nobel de la Paz en el a\u00f1o 1992, por su invaluable labor en favor de los derechos humanos, en particular, de los pueblos ind\u00edgenas. La destacada activista llev\u00f3 una cargada agenda dentro de la cual ofreci\u00f3 una conferencia magistral organizada por el CONES, el 21 de mayo.\" \/>\n<meta property=\"og:url\" content=\"https:\/\/bellasartes.edu.py\/index.php\/2024\/05\/22\/rigoberta-menchu-paraguay\/\" \/>\n<meta property=\"og:site_name\" content=\"Instituto Superior de Bellas Artes\" \/>\n<meta property=\"article:publisher\" content=\"https:\/\/www.facebook.com\/isbaoficial\" \/>\n<meta property=\"article:published_time\" content=\"2024-05-22T15:52:06+00:00\" \/>\n<meta property=\"article:modified_time\" content=\"2024-05-22T16:59:10+00:00\" \/>\n<meta property=\"og:image\" content=\"https:\/\/bellasartes.edu.py\/wp-content\/uploads\/2024\/05\/MG_3222-scaled.jpg\" \/>\n\t<meta property=\"og:image:width\" content=\"2560\" \/>\n\t<meta property=\"og:image:height\" content=\"1707\" \/>\n\t<meta property=\"og:image:type\" content=\"image\/jpeg\" \/>\n<meta name=\"author\" content=\"comunicarte\" \/>\n<meta name=\"twitter:card\" content=\"summary_large_image\" \/>\n<meta name=\"twitter:label1\" content=\"Escrito por\" \/>\n\t<meta name=\"twitter:data1\" content=\"comunicarte\" \/>\n\t<meta name=\"twitter:label2\" content=\"Tiempo de lectura\" \/>\n\t<meta name=\"twitter:data2\" content=\"1 minuto\" \/>\n<script type=\"application\/ld+json\" class=\"yoast-schema-graph\">{\"@context\":\"https:\\\/\\\/schema.org\",\"@graph\":[{\"@type\":\"Article\",\"@id\":\"https:\\\/\\\/bellasartes.edu.py\\\/index.php\\\/2024\\\/05\\\/22\\\/rigoberta-menchu-paraguay\\\/#article\",\"isPartOf\":{\"@id\":\"https:\\\/\\\/bellasartes.edu.py\\\/index.php\\\/2024\\\/05\\\/22\\\/rigoberta-menchu-paraguay\\\/\"},\"author\":{\"name\":\"comunicarte\",\"@id\":\"https:\\\/\\\/bellasartes.edu.py\\\/#\\\/schema\\\/person\\\/6243d56ea2e518f0b57594d7a454e37a\"},\"headline\":\"Bellas Artes presente en conferencia de Rigoberta Mench\u00fa en Paraguay\",\"datePublished\":\"2024-05-22T15:52:06+00:00\",\"dateModified\":\"2024-05-22T16:59:10+00:00\",\"mainEntityOfPage\":{\"@id\":\"https:\\\/\\\/bellasartes.edu.py\\\/index.php\\\/2024\\\/05\\\/22\\\/rigoberta-menchu-paraguay\\\/\"},\"wordCount\":180,\"publisher\":{\"@id\":\"https:\\\/\\\/bellasartes.edu.py\\\/#organization\"},\"image\":{\"@id\":\"https:\\\/\\\/bellasartes.edu.py\\\/index.php\\\/2024\\\/05\\\/22\\\/rigoberta-menchu-paraguay\\\/#primaryimage\"},\"thumbnailUrl\":\"https:\\\/\\\/bellasartes.edu.py\\\/wp-content\\\/uploads\\\/2024\\\/05\\\/MG_3222-scaled.jpg\",\"articleSection\":[\"Noticias\"],\"inLanguage\":\"es\"},{\"@type\":\"WebPage\",\"@id\":\"https:\\\/\\\/bellasartes.edu.py\\\/index.php\\\/2024\\\/05\\\/22\\\/rigoberta-menchu-paraguay\\\/\",\"url\":\"https:\\\/\\\/bellasartes.edu.py\\\/index.php\\\/2024\\\/05\\\/22\\\/rigoberta-menchu-paraguay\\\/\",\"name\":\"Bellas Artes presente en conferencia de Rigoberta Mench\u00fa en Paraguay - Instituto Superior de Bellas Artes\",\"isPartOf\":{\"@id\":\"https:\\\/\\\/bellasartes.edu.py\\\/#website\"},\"primaryImageOfPage\":{\"@id\":\"https:\\\/\\\/bellasartes.edu.py\\\/index.php\\\/2024\\\/05\\\/22\\\/rigoberta-menchu-paraguay\\\/#primaryimage\"},\"image\":{\"@id\":\"https:\\\/\\\/bellasartes.edu.py\\\/index.php\\\/2024\\\/05\\\/22\\\/rigoberta-menchu-paraguay\\\/#primaryimage\"},\"thumbnailUrl\":\"https:\\\/\\\/bellasartes.edu.py\\\/wp-content\\\/uploads\\\/2024\\\/05\\\/MG_3222-scaled.jpg\",\"datePublished\":\"2024-05-22T15:52:06+00:00\",\"dateModified\":\"2024-05-22T16:59:10+00:00\",\"description\":\"Paraguay recibi\u00f3 la visita de la activista guatemalteca, Rigoberta Mench\u00fa, quien ha sido galardonada con el Premio Nobel de la Paz en el a\u00f1o 1992, por su invaluable labor en favor de los derechos humanos, en particular, de los pueblos ind\u00edgenas. La destacada activista llev\u00f3 una cargada agenda dentro de la cual ofreci\u00f3 una conferencia magistral organizada por el CONES, el 21 de mayo.\",\"breadcrumb\":{\"@id\":\"https:\\\/\\\/bellasartes.edu.py\\\/index.php\\\/2024\\\/05\\\/22\\\/rigoberta-menchu-paraguay\\\/#breadcrumb\"},\"inLanguage\":\"es\",\"potentialAction\":[{\"@type\":\"ReadAction\",\"target\":[\"https:\\\/\\\/bellasartes.edu.py\\\/index.php\\\/2024\\\/05\\\/22\\\/rigoberta-menchu-paraguay\\\/\"]}]},{\"@type\":\"ImageObject\",\"inLanguage\":\"es\",\"@id\":\"https:\\\/\\\/bellasartes.edu.py\\\/index.php\\\/2024\\\/05\\\/22\\\/rigoberta-menchu-paraguay\\\/#primaryimage\",\"url\":\"https:\\\/\\\/bellasartes.edu.py\\\/wp-content\\\/uploads\\\/2024\\\/05\\\/MG_3222-scaled.jpg\",\"contentUrl\":\"https:\\\/\\\/bellasartes.edu.py\\\/wp-content\\\/uploads\\\/2024\\\/05\\\/MG_3222-scaled.jpg\",\"width\":2560,\"height\":1707},{\"@type\":\"BreadcrumbList\",\"@id\":\"https:\\\/\\\/bellasartes.edu.py\\\/index.php\\\/2024\\\/05\\\/22\\\/rigoberta-menchu-paraguay\\\/#breadcrumb\",\"itemListElement\":[{\"@type\":\"ListItem\",\"position\":1,\"name\":\"Home\",\"item\":\"https:\\\/\\\/bellasartes.edu.py\\\/\"},{\"@type\":\"ListItem\",\"position\":2,\"name\":\"Bellas Artes presente en conferencia de Rigoberta Mench\u00fa en Paraguay\"}]},{\"@type\":\"WebSite\",\"@id\":\"https:\\\/\\\/bellasartes.edu.py\\\/#website\",\"url\":\"https:\\\/\\\/bellasartes.edu.py\\\/\",\"name\":\"Instituto Superior de Bellas Artes\",\"description\":\"\",\"publisher\":{\"@id\":\"https:\\\/\\\/bellasartes.edu.py\\\/#organization\"},\"potentialAction\":[{\"@type\":\"SearchAction\",\"target\":{\"@type\":\"EntryPoint\",\"urlTemplate\":\"https:\\\/\\\/bellasartes.edu.py\\\/?s={search_term_string}\"},\"query-input\":{\"@type\":\"PropertyValueSpecification\",\"valueRequired\":true,\"valueName\":\"search_term_string\"}}],\"inLanguage\":\"es\"},{\"@type\":\"Organization\",\"@id\":\"https:\\\/\\\/bellasartes.edu.py\\\/#organization\",\"name\":\"Instituto Superior de Bellas Artes\",\"url\":\"https:\\\/\\\/bellasartes.edu.py\\\/\",\"logo\":{\"@type\":\"ImageObject\",\"inLanguage\":\"es\",\"@id\":\"https:\\\/\\\/bellasartes.edu.py\\\/#\\\/schema\\\/logo\\\/image\\\/\",\"url\":\"https:\\\/\\\/bellasartes.edu.py\\\/wp-content\\\/uploads\\\/2024\\\/03\\\/cropped-imagenes-y-logos_Mesa-de-trabajo-1.png\",\"contentUrl\":\"https:\\\/\\\/bellasartes.edu.py\\\/wp-content\\\/uploads\\\/2024\\\/03\\\/cropped-imagenes-y-logos_Mesa-de-trabajo-1.png\",\"width\":512,\"height\":512,\"caption\":\"Instituto Superior de Bellas Artes\"},\"image\":{\"@id\":\"https:\\\/\\\/bellasartes.edu.py\\\/#\\\/schema\\\/logo\\\/image\\\/\"},\"sameAs\":[\"https:\\\/\\\/www.facebook.com\\\/isbaoficial\",\"https:\\\/\\\/www.instagram.com\\\/bellasartes.py\\\/\",\"https:\\\/\\\/www.linkedin.com\\\/school\\\/74351323\\\/admin\\\/feed\\\/posts\\\/\"]},{\"@type\":\"Person\",\"@id\":\"https:\\\/\\\/bellasartes.edu.py\\\/#\\\/schema\\\/person\\\/6243d56ea2e518f0b57594d7a454e37a\",\"name\":\"comunicarte\",\"image\":{\"@type\":\"ImageObject\",\"inLanguage\":\"es\",\"@id\":\"https:\\\/\\\/secure.gravatar.com\\\/avatar\\\/73b4d6769843e544de958c36b6a5ccd5fbfbe514a048340133a4d304a2f5777b?s=96&d=mm&r=g\",\"url\":\"https:\\\/\\\/secure.gravatar.com\\\/avatar\\\/73b4d6769843e544de958c36b6a5ccd5fbfbe514a048340133a4d304a2f5777b?s=96&d=mm&r=g\",\"contentUrl\":\"https:\\\/\\\/secure.gravatar.com\\\/avatar\\\/73b4d6769843e544de958c36b6a5ccd5fbfbe514a048340133a4d304a2f5777b?s=96&d=mm&r=g\",\"caption\":\"comunicarte\"},\"url\":\"https:\\\/\\\/bellasartes.edu.py\\\/index.php\\\/author\\\/comunicarte\\\/\"}]}<\/script>\n<!-- \/ Yoast SEO plugin. -->","yoast_head_json":{"title":"Bellas Artes presente en conferencia de Rigoberta Mench\u00fa en Paraguay - Instituto Superior de Bellas Artes","description":"Paraguay recibi\u00f3 la visita de la activista guatemalteca, Rigoberta Mench\u00fa, quien ha sido galardonada con el Premio Nobel de la Paz en el a\u00f1o 1992, por su invaluable labor en favor de los derechos humanos, en particular, de los pueblos ind\u00edgenas. La destacada activista llev\u00f3 una cargada agenda dentro de la cual ofreci\u00f3 una conferencia magistral organizada por el CONES, el 21 de mayo.","robots":{"index":"index","follow":"follow","max-snippet":"max-snippet:-1","max-image-preview":"max-image-preview:large","max-video-preview":"max-video-preview:-1"},"canonical":"https:\/\/bellasartes.edu.py\/index.php\/2024\/05\/22\/rigoberta-menchu-paraguay\/","og_locale":"es_ES","og_type":"article","og_title":"Bellas Artes presente en conferencia de Rigoberta Mench\u00fa en Paraguay - Instituto Superior de Bellas Artes","og_description":"Paraguay recibi\u00f3 la visita de la activista guatemalteca, Rigoberta Mench\u00fa, quien ha sido galardonada con el Premio Nobel de la Paz en el a\u00f1o 1992, por su invaluable labor en favor de los derechos humanos, en particular, de los pueblos ind\u00edgenas. La destacada activista llev\u00f3 una cargada agenda dentro de la cual ofreci\u00f3 una conferencia magistral organizada por el CONES, el 21 de mayo.","og_url":"https:\/\/bellasartes.edu.py\/index.php\/2024\/05\/22\/rigoberta-menchu-paraguay\/","og_site_name":"Instituto Superior de Bellas Artes","article_publisher":"https:\/\/www.facebook.com\/isbaoficial","article_published_time":"2024-05-22T15:52:06+00:00","article_modified_time":"2024-05-22T16:59:10+00:00","og_image":[{"width":2560,"height":1707,"url":"https:\/\/bellasartes.edu.py\/wp-content\/uploads\/2024\/05\/MG_3222-scaled.jpg","type":"image\/jpeg"}],"author":"comunicarte","twitter_card":"summary_large_image","twitter_misc":{"Escrito por":"comunicarte","Tiempo de lectura":"1 minuto"},"schema":{"@context":"https:\/\/schema.org","@graph":[{"@type":"Article","@id":"https:\/\/bellasartes.edu.py\/index.php\/2024\/05\/22\/rigoberta-menchu-paraguay\/#article","isPartOf":{"@id":"https:\/\/bellasartes.edu.py\/index.php\/2024\/05\/22\/rigoberta-menchu-paraguay\/"},"author":{"name":"comunicarte","@id":"https:\/\/bellasartes.edu.py\/#\/schema\/person\/6243d56ea2e518f0b57594d7a454e37a"},"headline":"Bellas Artes presente en conferencia de Rigoberta Mench\u00fa en Paraguay","datePublished":"2024-05-22T15:52:06+00:00","dateModified":"2024-05-22T16:59:10+00:00","mainEntityOfPage":{"@id":"https:\/\/bellasartes.edu.py\/index.php\/2024\/05\/22\/rigoberta-menchu-paraguay\/"},"wordCount":180,"publisher":{"@id":"https:\/\/bellasartes.edu.py\/#organization"},"image":{"@id":"https:\/\/bellasartes.edu.py\/index.php\/2024\/05\/22\/rigoberta-menchu-paraguay\/#primaryimage"},"thumbnailUrl":"https:\/\/bellasartes.edu.py\/wp-content\/uploads\/2024\/05\/MG_3222-scaled.jpg","articleSection":["Noticias"],"inLanguage":"es"},{"@type":"WebPage","@id":"https:\/\/bellasartes.edu.py\/index.php\/2024\/05\/22\/rigoberta-menchu-paraguay\/","url":"https:\/\/bellasartes.edu.py\/index.php\/2024\/05\/22\/rigoberta-menchu-paraguay\/","name":"Bellas Artes presente en conferencia de Rigoberta Mench\u00fa en Paraguay - Instituto Superior de Bellas Artes","isPartOf":{"@id":"https:\/\/bellasartes.edu.py\/#website"},"primaryImageOfPage":{"@id":"https:\/\/bellasartes.edu.py\/index.php\/2024\/05\/22\/rigoberta-menchu-paraguay\/#primaryimage"},"image":{"@id":"https:\/\/bellasartes.edu.py\/index.php\/2024\/05\/22\/rigoberta-menchu-paraguay\/#primaryimage"},"thumbnailUrl":"https:\/\/bellasartes.edu.py\/wp-content\/uploads\/2024\/05\/MG_3222-scaled.jpg","datePublished":"2024-05-22T15:52:06+00:00","dateModified":"2024-05-22T16:59:10+00:00","description":"Paraguay recibi\u00f3 la visita de la activista guatemalteca, Rigoberta Mench\u00fa, quien ha sido galardonada con el Premio Nobel de la Paz en el a\u00f1o 1992, por su invaluable labor en favor de los derechos humanos, en particular, de los pueblos ind\u00edgenas. La destacada activista llev\u00f3 una cargada agenda dentro de la cual ofreci\u00f3 una conferencia magistral organizada por el CONES, el 21 de mayo.","breadcrumb":{"@id":"https:\/\/bellasartes.edu.py\/index.php\/2024\/05\/22\/rigoberta-menchu-paraguay\/#breadcrumb"},"inLanguage":"es","potentialAction":[{"@type":"ReadAction","target":["https:\/\/bellasartes.edu.py\/index.php\/2024\/05\/22\/rigoberta-menchu-paraguay\/"]}]},{"@type":"ImageObject","inLanguage":"es","@id":"https:\/\/bellasartes.edu.py\/index.php\/2024\/05\/22\/rigoberta-menchu-paraguay\/#primaryimage","url":"https:\/\/bellasartes.edu.py\/wp-content\/uploads\/2024\/05\/MG_3222-scaled.jpg","contentUrl":"https:\/\/bellasartes.edu.py\/wp-content\/uploads\/2024\/05\/MG_3222-scaled.jpg","width":2560,"height":1707},{"@type":"BreadcrumbList","@id":"https:\/\/bellasartes.edu.py\/index.php\/2024\/05\/22\/rigoberta-menchu-paraguay\/#breadcrumb","itemListElement":[{"@type":"ListItem","position":1,"name":"Home","item":"https:\/\/bellasartes.edu.py\/"},{"@type":"ListItem","position":2,"name":"Bellas Artes presente en conferencia de Rigoberta Mench\u00fa en Paraguay"}]},{"@type":"WebSite","@id":"https:\/\/bellasartes.edu.py\/#website","url":"https:\/\/bellasartes.edu.py\/","name":"Instituto Superior de Bellas Artes","description":"","publisher":{"@id":"https:\/\/bellasartes.edu.py\/#organization"},"potentialAction":[{"@type":"SearchAction","target":{"@type":"EntryPoint","urlTemplate":"https:\/\/bellasartes.edu.py\/?s={search_term_string}"},"query-input":{"@type":"PropertyValueSpecification","valueRequired":true,"valueName":"search_term_string"}}],"inLanguage":"es"},{"@type":"Organization","@id":"https:\/\/bellasartes.edu.py\/#organization","name":"Instituto Superior de Bellas Artes","url":"https:\/\/bellasartes.edu.py\/","logo":{"@type":"ImageObject","inLanguage":"es","@id":"https:\/\/bellasartes.edu.py\/#\/schema\/logo\/image\/","url":"https:\/\/bellasartes.edu.py\/wp-content\/uploads\/2024\/03\/cropped-imagenes-y-logos_Mesa-de-trabajo-1.png","contentUrl":"https:\/\/bellasartes.edu.py\/wp-content\/uploads\/2024\/03\/cropped-imagenes-y-logos_Mesa-de-trabajo-1.png","width":512,"height":512,"caption":"Instituto Superior de Bellas Artes"},"image":{"@id":"https:\/\/bellasartes.edu.py\/#\/schema\/logo\/image\/"},"sameAs":["https:\/\/www.facebook.com\/isbaoficial","https:\/\/www.instagram.com\/bellasartes.py\/","https:\/\/www.linkedin.com\/school\/74351323\/admin\/feed\/posts\/"]},{"@type":"Person","@id":"https:\/\/bellasartes.edu.py\/#\/schema\/person\/6243d56ea2e518f0b57594d7a454e37a","name":"comunicarte","image":{"@type":"ImageObject","inLanguage":"es","@id":"https:\/\/secure.gravatar.com\/avatar\/73b4d6769843e544de958c36b6a5ccd5fbfbe514a048340133a4d304a2f5777b?s=96&d=mm&r=g","url":"https:\/\/secure.gravatar.com\/avatar\/73b4d6769843e544de958c36b6a5ccd5fbfbe514a048340133a4d304a2f5777b?s=96&d=mm&r=g","contentUrl":"https:\/\/secure.gravatar.com\/avatar\/73b4d6769843e544de958c36b6a5ccd5fbfbe514a048340133a4d304a2f5777b?s=96&d=mm&r=g","caption":"comunicarte"},"url":"https:\/\/bellasartes.edu.py\/index.php\/author\/comunicarte\/"}]}},"jetpack_featured_media_url":"https:\/\/bellasartes.edu.py\/wp-content\/uploads\/2024\/05\/MG_3222-scaled.jpg","jetpack_sharing_enabled":true,"_links":{"self":[{"href":"https:\/\/bellasartes.edu.py\/index.php\/wp-json\/wp\/v2\/posts\/3953","targetHints":{"allow":["GET"]}}],"collection":[{"href":"https:\/\/bellasartes.edu.py\/index.php\/wp-json\/wp\/v2\/posts"}],"about":[{"href":"https:\/\/bellasartes.edu.py\/index.php\/wp-json\/wp\/v2\/types\/post"}],"author":[{"embeddable":true,"href":"https:\/\/bellasartes.edu.py\/index.php\/wp-json\/wp\/v2\/users\/3"}],"replies":[{"embeddable":true,"href":"https:\/\/bellasartes.edu.py\/index.php\/wp-json\/wp\/v2\/comments?post=3953"}],"version-history":[{"count":2,"href":"https:\/\/bellasartes.edu.py\/index.php\/wp-json\/wp\/v2\/posts\/3953\/revisions"}],"predecessor-version":[{"id":3978,"href":"https:\/\/bellasartes.edu.py\/index.php\/wp-json\/wp\/v2\/posts\/3953\/revisions\/3978"}],"wp:featuredmedia":[{"embeddable":true,"href":"https:\/\/bellasartes.edu.py\/index.php\/wp-json\/wp\/v2\/media\/3954"}],"wp:attachment":[{"href":"https:\/\/bellasartes.edu.py\/index.php\/wp-json\/wp\/v2\/media?parent=3953"}],"wp:term":[{"taxonomy":"category","embeddable":true,"href":"https:\/\/bellasartes.edu.py\/index.php\/wp-json\/wp\/v2\/categories?post=3953"},{"taxonomy":"post_tag","embeddable":true,"href":"https:\/\/bellasartes.edu.py\/index.php\/wp-json\/wp\/v2\/tags?post=3953"}],"curies":[{"name":"wp","href":"https:\/\/api.w.org\/{rel}","templated":true}]}}