{"id":4044,"date":"2024-07-01T17:16:53","date_gmt":"2024-07-01T17:16:53","guid":{"rendered":"https:\/\/bellasartes.edu.py\/?p=4044"},"modified":"2024-07-02T01:48:05","modified_gmt":"2024-07-02T01:48:05","slug":"bellas-artes-convoca-a-elecciones-para-consejo-superior-institucional","status":"publish","type":"post","link":"https:\/\/bellasartes.edu.py\/index.php\/2024\/07\/01\/bellas-artes-convoca-a-elecciones-para-consejo-superior-institucional\/","title":{"rendered":"Bellas Artes convoca a elecciones para Consejo Superior Institucional"},"content":{"rendered":"\n<p>Iniciando el proceso establecido para la renovaci\u00f3n de las autoridades de la instituci\u00f3n, en la construcci\u00f3n de la institucionalidad y la participaci\u00f3n activa de la comunidad educativa del ISBA, el Tribunal Electoral Independiente present\u00f3 la convocatoria para participar de las elecciones a miembros del Consejo Superior Institucional, a realizarse en el mes de agosto.<\/p>\n\n\n\n<p><br>La convocatoria a elecciones establece que se debe elegir 02 (dos) representantes del personal docente, 02(dos) representantes del personal administrativo, 02(dos) representantes estudiantiles y 01(un) representante de los graduados no docentes, con sus respectivos suplentes, para integrar el Consejo Superior Institucional del Instituto Superior de Bellas Artes. La fecha prevista el d\u00eda viernes, 2 de agosto de 2024, en la sede del ISBA, de 08:00 a 18:00 horas.<\/p>\n\n\n\n<p><br>Tambi\u00e9n es importante destacar que, de acuerdo a la normativa electoral nacional vigente, C\u00f3digo Electoral, modificado por la Ley N.\u00ba 6318\/2019, los representantes plurinominales ser\u00e1n electos en comicios directos, sobre la base del sistema proporcional, en listas cerradas y desbloqueadas, los que se integrar\u00e1n a trav\u00e9s del sistema D\u00b4Hondt.<\/p>\n\n\n\n<p><br>En el art\u00edculo 3\u00ba. De la convocatoria se define que el elector tiene derecho a un voto preferencial por cualquier candidato de la lista pudiendo variar el orden de la lista inicial, el voto por el candidato tambi\u00e9n suma a la Lista para la distribuci\u00f3n proporcional (Art. 258 del C\u00f3digo Electoral, modificado por Ley N.\u00ba 6318\/2019).<\/p>\n\n\n\n<p><br>La presentaci\u00f3n deber\u00e1 realizarse conforme a lo establecido en el art\u00edculo 30 del Reglamento Electoral.<\/p>\n\n\n\n<p><br>El horario de atenci\u00f3n del TEI, mientras dure el proceso eleccionario, ser\u00e1 de 8:00 h a 12:00 h, con la profesora Fabiola Gaiardelli, en la Biblioteca de la instituci\u00f3n. Se encuentra habilitado adem\u00e1s el correo electr\u00f3nico: tei@bellasartes.edu.py<\/p>\n\n\n\n<p><a href=\"https:\/\/drive.google.com\/file\/d\/1w1urqLiNvzkg2IipDgoCRkpUd_Dl-nON\/view?usp=sharing\">RESOLUCI\u00d3N TEI N\u00b003\/2024<\/a><\/p>\n\n\n\n<p><a href=\"https:\/\/drive.google.com\/file\/d\/1L5nyp_AQ2ZIMnnNC1xSoGTyd5Hzi_brq\/view?usp=sharing\" target=\"_blank\" rel=\"noreferrer noopener\">RESOLUCI\u00d3N CSI-ISBA N\u00b0 06\/2024<\/a><\/p>\n\n\n\n<p><\/p>\n","protected":false},"excerpt":{"rendered":"<p>Iniciando el proceso establecido para la renovaci\u00f3n de las autoridades de la instituci\u00f3n, en la construcci\u00f3n de la institucionalidad y la participaci\u00f3n activa de la comunidad educativa del ISBA, el Tribunal Electoral Independiente present\u00f3 la convocatoria para participar de las elecciones a miembros del Consejo Superior Institucional, a realizarse en el mes de agosto. La [&hellip;]<\/p>\n","protected":false},"author":3,"featured_media":3852,"comment_status":"open","ping_status":"open","sticky":false,"template":"","format":"standard","meta":{"_et_pb_use_builder":"","_et_pb_old_content":"","_et_gb_content_width":"","inline_featured_image":false,"fifu_image_url":"","fifu_image_alt":"","_jetpack_memberships_contains_paid_content":false,"footnotes":""},"categories":[3,23],"tags":[],"class_list":["post-4044","post","type-post","status-publish","format-standard","has-post-thumbnail","hentry","category-noticias","category-resoluciones"],"yoast_head":"<!-- This site is optimized with the Yoast SEO plugin v27.5 - https:\/\/yoast.com\/product\/yoast-seo-wordpress\/ -->\n<title>Bellas Artes convoca a elecciones para Consejo Superior Institucional - Instituto Superior de Bellas Artes<\/title>\n<meta name=\"robots\" content=\"index, follow, max-snippet:-1, max-image-preview:large, max-video-preview:-1\" \/>\n<link rel=\"canonical\" href=\"https:\/\/bellasartes.edu.py\/index.php\/2024\/07\/01\/bellas-artes-convoca-a-elecciones-para-consejo-superior-institucional\/\" \/>\n<meta property=\"og:locale\" content=\"es_ES\" \/>\n<meta property=\"og:type\" content=\"article\" \/>\n<meta property=\"og:title\" content=\"Bellas Artes convoca a elecciones para Consejo Superior Institucional - Instituto Superior de Bellas Artes\" \/>\n<meta property=\"og:description\" content=\"Iniciando el proceso establecido para la renovaci\u00f3n de las autoridades de la instituci\u00f3n, en la construcci\u00f3n de la institucionalidad y la participaci\u00f3n activa de la comunidad educativa del ISBA, el Tribunal Electoral Independiente present\u00f3 la convocatoria para participar de las elecciones a miembros del Consejo Superior Institucional, a realizarse en el mes de agosto. La [&hellip;]\" \/>\n<meta property=\"og:url\" content=\"https:\/\/bellasartes.edu.py\/index.php\/2024\/07\/01\/bellas-artes-convoca-a-elecciones-para-consejo-superior-institucional\/\" \/>\n<meta property=\"og:site_name\" content=\"Instituto Superior de Bellas Artes\" \/>\n<meta property=\"article:publisher\" content=\"https:\/\/www.facebook.com\/isbaoficial\" \/>\n<meta property=\"article:published_time\" content=\"2024-07-01T17:16:53+00:00\" \/>\n<meta property=\"article:modified_time\" content=\"2024-07-02T01:48:05+00:00\" \/>\n<meta property=\"og:image\" content=\"https:\/\/bellasartes.edu.py\/wp-content\/uploads\/2024\/04\/IMG_20240325_124226.jpg\" \/>\n\t<meta property=\"og:image:width\" content=\"1920\" \/>\n\t<meta property=\"og:image:height\" content=\"1080\" \/>\n\t<meta property=\"og:image:type\" content=\"image\/jpeg\" \/>\n<meta name=\"author\" content=\"comunicarte\" \/>\n<meta name=\"twitter:card\" content=\"summary_large_image\" \/>\n<meta name=\"twitter:label1\" content=\"Escrito por\" \/>\n\t<meta name=\"twitter:data1\" content=\"comunicarte\" \/>\n\t<meta name=\"twitter:label2\" content=\"Tiempo de lectura\" \/>\n\t<meta name=\"twitter:data2\" content=\"1 minuto\" \/>\n<script type=\"application\/ld+json\" class=\"yoast-schema-graph\">{\"@context\":\"https:\\\/\\\/schema.org\",\"@graph\":[{\"@type\":\"Article\",\"@id\":\"https:\\\/\\\/bellasartes.edu.py\\\/index.php\\\/2024\\\/07\\\/01\\\/bellas-artes-convoca-a-elecciones-para-consejo-superior-institucional\\\/#article\",\"isPartOf\":{\"@id\":\"https:\\\/\\\/bellasartes.edu.py\\\/index.php\\\/2024\\\/07\\\/01\\\/bellas-artes-convoca-a-elecciones-para-consejo-superior-institucional\\\/\"},\"author\":{\"name\":\"comunicarte\",\"@id\":\"https:\\\/\\\/bellasartes.edu.py\\\/#\\\/schema\\\/person\\\/6243d56ea2e518f0b57594d7a454e37a\"},\"headline\":\"Bellas Artes convoca a elecciones para Consejo Superior Institucional\",\"datePublished\":\"2024-07-01T17:16:53+00:00\",\"dateModified\":\"2024-07-02T01:48:05+00:00\",\"mainEntityOfPage\":{\"@id\":\"https:\\\/\\\/bellasartes.edu.py\\\/index.php\\\/2024\\\/07\\\/01\\\/bellas-artes-convoca-a-elecciones-para-consejo-superior-institucional\\\/\"},\"wordCount\":308,\"commentCount\":0,\"publisher\":{\"@id\":\"https:\\\/\\\/bellasartes.edu.py\\\/#organization\"},\"image\":{\"@id\":\"https:\\\/\\\/bellasartes.edu.py\\\/index.php\\\/2024\\\/07\\\/01\\\/bellas-artes-convoca-a-elecciones-para-consejo-superior-institucional\\\/#primaryimage\"},\"thumbnailUrl\":\"https:\\\/\\\/bellasartes.edu.py\\\/wp-content\\\/uploads\\\/2024\\\/04\\\/IMG_20240325_124226.jpg\",\"articleSection\":[\"Noticias\",\"Resoluciones\"],\"inLanguage\":\"es\",\"potentialAction\":[{\"@type\":\"CommentAction\",\"name\":\"Comment\",\"target\":[\"https:\\\/\\\/bellasartes.edu.py\\\/index.php\\\/2024\\\/07\\\/01\\\/bellas-artes-convoca-a-elecciones-para-consejo-superior-institucional\\\/#respond\"]}]},{\"@type\":\"WebPage\",\"@id\":\"https:\\\/\\\/bellasartes.edu.py\\\/index.php\\\/2024\\\/07\\\/01\\\/bellas-artes-convoca-a-elecciones-para-consejo-superior-institucional\\\/\",\"url\":\"https:\\\/\\\/bellasartes.edu.py\\\/index.php\\\/2024\\\/07\\\/01\\\/bellas-artes-convoca-a-elecciones-para-consejo-superior-institucional\\\/\",\"name\":\"Bellas Artes convoca a elecciones para Consejo Superior Institucional - Instituto Superior de Bellas Artes\",\"isPartOf\":{\"@id\":\"https:\\\/\\\/bellasartes.edu.py\\\/#website\"},\"primaryImageOfPage\":{\"@id\":\"https:\\\/\\\/bellasartes.edu.py\\\/index.php\\\/2024\\\/07\\\/01\\\/bellas-artes-convoca-a-elecciones-para-consejo-superior-institucional\\\/#primaryimage\"},\"image\":{\"@id\":\"https:\\\/\\\/bellasartes.edu.py\\\/index.php\\\/2024\\\/07\\\/01\\\/bellas-artes-convoca-a-elecciones-para-consejo-superior-institucional\\\/#primaryimage\"},\"thumbnailUrl\":\"https:\\\/\\\/bellasartes.edu.py\\\/wp-content\\\/uploads\\\/2024\\\/04\\\/IMG_20240325_124226.jpg\",\"datePublished\":\"2024-07-01T17:16:53+00:00\",\"dateModified\":\"2024-07-02T01:48:05+00:00\",\"breadcrumb\":{\"@id\":\"https:\\\/\\\/bellasartes.edu.py\\\/index.php\\\/2024\\\/07\\\/01\\\/bellas-artes-convoca-a-elecciones-para-consejo-superior-institucional\\\/#breadcrumb\"},\"inLanguage\":\"es\",\"potentialAction\":[{\"@type\":\"ReadAction\",\"target\":[\"https:\\\/\\\/bellasartes.edu.py\\\/index.php\\\/2024\\\/07\\\/01\\\/bellas-artes-convoca-a-elecciones-para-consejo-superior-institucional\\\/\"]}]},{\"@type\":\"ImageObject\",\"inLanguage\":\"es\",\"@id\":\"https:\\\/\\\/bellasartes.edu.py\\\/index.php\\\/2024\\\/07\\\/01\\\/bellas-artes-convoca-a-elecciones-para-consejo-superior-institucional\\\/#primaryimage\",\"url\":\"https:\\\/\\\/bellasartes.edu.py\\\/wp-content\\\/uploads\\\/2024\\\/04\\\/IMG_20240325_124226.jpg\",\"contentUrl\":\"https:\\\/\\\/bellasartes.edu.py\\\/wp-content\\\/uploads\\\/2024\\\/04\\\/IMG_20240325_124226.jpg\",\"width\":1920,\"height\":1080},{\"@type\":\"BreadcrumbList\",\"@id\":\"https:\\\/\\\/bellasartes.edu.py\\\/index.php\\\/2024\\\/07\\\/01\\\/bellas-artes-convoca-a-elecciones-para-consejo-superior-institucional\\\/#breadcrumb\",\"itemListElement\":[{\"@type\":\"ListItem\",\"position\":1,\"name\":\"Home\",\"item\":\"https:\\\/\\\/bellasartes.edu.py\\\/\"},{\"@type\":\"ListItem\",\"position\":2,\"name\":\"Bellas Artes convoca a elecciones para Consejo Superior Institucional\"}]},{\"@type\":\"WebSite\",\"@id\":\"https:\\\/\\\/bellasartes.edu.py\\\/#website\",\"url\":\"https:\\\/\\\/bellasartes.edu.py\\\/\",\"name\":\"Instituto Superior de Bellas Artes\",\"description\":\"\",\"publisher\":{\"@id\":\"https:\\\/\\\/bellasartes.edu.py\\\/#organization\"},\"potentialAction\":[{\"@type\":\"SearchAction\",\"target\":{\"@type\":\"EntryPoint\",\"urlTemplate\":\"https:\\\/\\\/bellasartes.edu.py\\\/?s={search_term_string}\"},\"query-input\":{\"@type\":\"PropertyValueSpecification\",\"valueRequired\":true,\"valueName\":\"search_term_string\"}}],\"inLanguage\":\"es\"},{\"@type\":\"Organization\",\"@id\":\"https:\\\/\\\/bellasartes.edu.py\\\/#organization\",\"name\":\"Instituto Superior de Bellas Artes\",\"url\":\"https:\\\/\\\/bellasartes.edu.py\\\/\",\"logo\":{\"@type\":\"ImageObject\",\"inLanguage\":\"es\",\"@id\":\"https:\\\/\\\/bellasartes.edu.py\\\/#\\\/schema\\\/logo\\\/image\\\/\",\"url\":\"https:\\\/\\\/bellasartes.edu.py\\\/wp-content\\\/uploads\\\/2024\\\/03\\\/cropped-imagenes-y-logos_Mesa-de-trabajo-1.png\",\"contentUrl\":\"https:\\\/\\\/bellasartes.edu.py\\\/wp-content\\\/uploads\\\/2024\\\/03\\\/cropped-imagenes-y-logos_Mesa-de-trabajo-1.png\",\"width\":512,\"height\":512,\"caption\":\"Instituto Superior de Bellas Artes\"},\"image\":{\"@id\":\"https:\\\/\\\/bellasartes.edu.py\\\/#\\\/schema\\\/logo\\\/image\\\/\"},\"sameAs\":[\"https:\\\/\\\/www.facebook.com\\\/isbaoficial\",\"https:\\\/\\\/www.instagram.com\\\/bellasartes.py\\\/\",\"https:\\\/\\\/www.linkedin.com\\\/school\\\/74351323\\\/admin\\\/feed\\\/posts\\\/\"]},{\"@type\":\"Person\",\"@id\":\"https:\\\/\\\/bellasartes.edu.py\\\/#\\\/schema\\\/person\\\/6243d56ea2e518f0b57594d7a454e37a\",\"name\":\"comunicarte\",\"image\":{\"@type\":\"ImageObject\",\"inLanguage\":\"es\",\"@id\":\"https:\\\/\\\/secure.gravatar.com\\\/avatar\\\/73b4d6769843e544de958c36b6a5ccd5fbfbe514a048340133a4d304a2f5777b?s=96&d=mm&r=g\",\"url\":\"https:\\\/\\\/secure.gravatar.com\\\/avatar\\\/73b4d6769843e544de958c36b6a5ccd5fbfbe514a048340133a4d304a2f5777b?s=96&d=mm&r=g\",\"contentUrl\":\"https:\\\/\\\/secure.gravatar.com\\\/avatar\\\/73b4d6769843e544de958c36b6a5ccd5fbfbe514a048340133a4d304a2f5777b?s=96&d=mm&r=g\",\"caption\":\"comunicarte\"},\"url\":\"https:\\\/\\\/bellasartes.edu.py\\\/index.php\\\/author\\\/comunicarte\\\/\"}]}<\/script>\n<!-- \/ Yoast SEO plugin. -->","yoast_head_json":{"title":"Bellas Artes convoca a elecciones para Consejo Superior Institucional - Instituto Superior de Bellas Artes","robots":{"index":"index","follow":"follow","max-snippet":"max-snippet:-1","max-image-preview":"max-image-preview:large","max-video-preview":"max-video-preview:-1"},"canonical":"https:\/\/bellasartes.edu.py\/index.php\/2024\/07\/01\/bellas-artes-convoca-a-elecciones-para-consejo-superior-institucional\/","og_locale":"es_ES","og_type":"article","og_title":"Bellas Artes convoca a elecciones para Consejo Superior Institucional - Instituto Superior de Bellas Artes","og_description":"Iniciando el proceso establecido para la renovaci\u00f3n de las autoridades de la instituci\u00f3n, en la construcci\u00f3n de la institucionalidad y la participaci\u00f3n activa de la comunidad educativa del ISBA, el Tribunal Electoral Independiente present\u00f3 la convocatoria para participar de las elecciones a miembros del Consejo Superior Institucional, a realizarse en el mes de agosto. La [&hellip;]","og_url":"https:\/\/bellasartes.edu.py\/index.php\/2024\/07\/01\/bellas-artes-convoca-a-elecciones-para-consejo-superior-institucional\/","og_site_name":"Instituto Superior de Bellas Artes","article_publisher":"https:\/\/www.facebook.com\/isbaoficial","article_published_time":"2024-07-01T17:16:53+00:00","article_modified_time":"2024-07-02T01:48:05+00:00","og_image":[{"width":1920,"height":1080,"url":"https:\/\/bellasartes.edu.py\/wp-content\/uploads\/2024\/04\/IMG_20240325_124226.jpg","type":"image\/jpeg"}],"author":"comunicarte","twitter_card":"summary_large_image","twitter_misc":{"Escrito por":"comunicarte","Tiempo de lectura":"1 minuto"},"schema":{"@context":"https:\/\/schema.org","@graph":[{"@type":"Article","@id":"https:\/\/bellasartes.edu.py\/index.php\/2024\/07\/01\/bellas-artes-convoca-a-elecciones-para-consejo-superior-institucional\/#article","isPartOf":{"@id":"https:\/\/bellasartes.edu.py\/index.php\/2024\/07\/01\/bellas-artes-convoca-a-elecciones-para-consejo-superior-institucional\/"},"author":{"name":"comunicarte","@id":"https:\/\/bellasartes.edu.py\/#\/schema\/person\/6243d56ea2e518f0b57594d7a454e37a"},"headline":"Bellas Artes convoca a elecciones para Consejo Superior Institucional","datePublished":"2024-07-01T17:16:53+00:00","dateModified":"2024-07-02T01:48:05+00:00","mainEntityOfPage":{"@id":"https:\/\/bellasartes.edu.py\/index.php\/2024\/07\/01\/bellas-artes-convoca-a-elecciones-para-consejo-superior-institucional\/"},"wordCount":308,"commentCount":0,"publisher":{"@id":"https:\/\/bellasartes.edu.py\/#organization"},"image":{"@id":"https:\/\/bellasartes.edu.py\/index.php\/2024\/07\/01\/bellas-artes-convoca-a-elecciones-para-consejo-superior-institucional\/#primaryimage"},"thumbnailUrl":"https:\/\/bellasartes.edu.py\/wp-content\/uploads\/2024\/04\/IMG_20240325_124226.jpg","articleSection":["Noticias","Resoluciones"],"inLanguage":"es","potentialAction":[{"@type":"CommentAction","name":"Comment","target":["https:\/\/bellasartes.edu.py\/index.php\/2024\/07\/01\/bellas-artes-convoca-a-elecciones-para-consejo-superior-institucional\/#respond"]}]},{"@type":"WebPage","@id":"https:\/\/bellasartes.edu.py\/index.php\/2024\/07\/01\/bellas-artes-convoca-a-elecciones-para-consejo-superior-institucional\/","url":"https:\/\/bellasartes.edu.py\/index.php\/2024\/07\/01\/bellas-artes-convoca-a-elecciones-para-consejo-superior-institucional\/","name":"Bellas Artes convoca a elecciones para Consejo Superior Institucional - Instituto Superior de Bellas Artes","isPartOf":{"@id":"https:\/\/bellasartes.edu.py\/#website"},"primaryImageOfPage":{"@id":"https:\/\/bellasartes.edu.py\/index.php\/2024\/07\/01\/bellas-artes-convoca-a-elecciones-para-consejo-superior-institucional\/#primaryimage"},"image":{"@id":"https:\/\/bellasartes.edu.py\/index.php\/2024\/07\/01\/bellas-artes-convoca-a-elecciones-para-consejo-superior-institucional\/#primaryimage"},"thumbnailUrl":"https:\/\/bellasartes.edu.py\/wp-content\/uploads\/2024\/04\/IMG_20240325_124226.jpg","datePublished":"2024-07-01T17:16:53+00:00","dateModified":"2024-07-02T01:48:05+00:00","breadcrumb":{"@id":"https:\/\/bellasartes.edu.py\/index.php\/2024\/07\/01\/bellas-artes-convoca-a-elecciones-para-consejo-superior-institucional\/#breadcrumb"},"inLanguage":"es","potentialAction":[{"@type":"ReadAction","target":["https:\/\/bellasartes.edu.py\/index.php\/2024\/07\/01\/bellas-artes-convoca-a-elecciones-para-consejo-superior-institucional\/"]}]},{"@type":"ImageObject","inLanguage":"es","@id":"https:\/\/bellasartes.edu.py\/index.php\/2024\/07\/01\/bellas-artes-convoca-a-elecciones-para-consejo-superior-institucional\/#primaryimage","url":"https:\/\/bellasartes.edu.py\/wp-content\/uploads\/2024\/04\/IMG_20240325_124226.jpg","contentUrl":"https:\/\/bellasartes.edu.py\/wp-content\/uploads\/2024\/04\/IMG_20240325_124226.jpg","width":1920,"height":1080},{"@type":"BreadcrumbList","@id":"https:\/\/bellasartes.edu.py\/index.php\/2024\/07\/01\/bellas-artes-convoca-a-elecciones-para-consejo-superior-institucional\/#breadcrumb","itemListElement":[{"@type":"ListItem","position":1,"name":"Home","item":"https:\/\/bellasartes.edu.py\/"},{"@type":"ListItem","position":2,"name":"Bellas Artes convoca a elecciones para Consejo Superior Institucional"}]},{"@type":"WebSite","@id":"https:\/\/bellasartes.edu.py\/#website","url":"https:\/\/bellasartes.edu.py\/","name":"Instituto Superior de Bellas Artes","description":"","publisher":{"@id":"https:\/\/bellasartes.edu.py\/#organization"},"potentialAction":[{"@type":"SearchAction","target":{"@type":"EntryPoint","urlTemplate":"https:\/\/bellasartes.edu.py\/?s={search_term_string}"},"query-input":{"@type":"PropertyValueSpecification","valueRequired":true,"valueName":"search_term_string"}}],"inLanguage":"es"},{"@type":"Organization","@id":"https:\/\/bellasartes.edu.py\/#organization","name":"Instituto Superior de Bellas Artes","url":"https:\/\/bellasartes.edu.py\/","logo":{"@type":"ImageObject","inLanguage":"es","@id":"https:\/\/bellasartes.edu.py\/#\/schema\/logo\/image\/","url":"https:\/\/bellasartes.edu.py\/wp-content\/uploads\/2024\/03\/cropped-imagenes-y-logos_Mesa-de-trabajo-1.png","contentUrl":"https:\/\/bellasartes.edu.py\/wp-content\/uploads\/2024\/03\/cropped-imagenes-y-logos_Mesa-de-trabajo-1.png","width":512,"height":512,"caption":"Instituto Superior de Bellas Artes"},"image":{"@id":"https:\/\/bellasartes.edu.py\/#\/schema\/logo\/image\/"},"sameAs":["https:\/\/www.facebook.com\/isbaoficial","https:\/\/www.instagram.com\/bellasartes.py\/","https:\/\/www.linkedin.com\/school\/74351323\/admin\/feed\/posts\/"]},{"@type":"Person","@id":"https:\/\/bellasartes.edu.py\/#\/schema\/person\/6243d56ea2e518f0b57594d7a454e37a","name":"comunicarte","image":{"@type":"ImageObject","inLanguage":"es","@id":"https:\/\/secure.gravatar.com\/avatar\/73b4d6769843e544de958c36b6a5ccd5fbfbe514a048340133a4d304a2f5777b?s=96&d=mm&r=g","url":"https:\/\/secure.gravatar.com\/avatar\/73b4d6769843e544de958c36b6a5ccd5fbfbe514a048340133a4d304a2f5777b?s=96&d=mm&r=g","contentUrl":"https:\/\/secure.gravatar.com\/avatar\/73b4d6769843e544de958c36b6a5ccd5fbfbe514a048340133a4d304a2f5777b?s=96&d=mm&r=g","caption":"comunicarte"},"url":"https:\/\/bellasartes.edu.py\/index.php\/author\/comunicarte\/"}]}},"jetpack_featured_media_url":"https:\/\/bellasartes.edu.py\/wp-content\/uploads\/2024\/04\/IMG_20240325_124226.jpg","jetpack_sharing_enabled":true,"_links":{"self":[{"href":"https:\/\/bellasartes.edu.py\/index.php\/wp-json\/wp\/v2\/posts\/4044","targetHints":{"allow":["GET"]}}],"collection":[{"href":"https:\/\/bellasartes.edu.py\/index.php\/wp-json\/wp\/v2\/posts"}],"about":[{"href":"https:\/\/bellasartes.edu.py\/index.php\/wp-json\/wp\/v2\/types\/post"}],"author":[{"embeddable":true,"href":"https:\/\/bellasartes.edu.py\/index.php\/wp-json\/wp\/v2\/users\/3"}],"replies":[{"embeddable":true,"href":"https:\/\/bellasartes.edu.py\/index.php\/wp-json\/wp\/v2\/comments?post=4044"}],"version-history":[{"count":3,"href":"https:\/\/bellasartes.edu.py\/index.php\/wp-json\/wp\/v2\/posts\/4044\/revisions"}],"predecessor-version":[{"id":4048,"href":"https:\/\/bellasartes.edu.py\/index.php\/wp-json\/wp\/v2\/posts\/4044\/revisions\/4048"}],"wp:featuredmedia":[{"embeddable":true,"href":"https:\/\/bellasartes.edu.py\/index.php\/wp-json\/wp\/v2\/media\/3852"}],"wp:attachment":[{"href":"https:\/\/bellasartes.edu.py\/index.php\/wp-json\/wp\/v2\/media?parent=4044"}],"wp:term":[{"taxonomy":"category","embeddable":true,"href":"https:\/\/bellasartes.edu.py\/index.php\/wp-json\/wp\/v2\/categories?post=4044"},{"taxonomy":"post_tag","embeddable":true,"href":"https:\/\/bellasartes.edu.py\/index.php\/wp-json\/wp\/v2\/tags?post=4044"}],"curies":[{"name":"wp","href":"https:\/\/api.w.org\/{rel}","templated":true}]}}