{"id":4658,"date":"2024-08-05T18:22:40","date_gmt":"2024-08-05T18:22:40","guid":{"rendered":"https:\/\/bellasartes.edu.py\/?p=4658"},"modified":"2024-08-05T18:25:43","modified_gmt":"2024-08-05T18:25:43","slug":"elecciones-consejo-superior-institucional-isba","status":"publish","type":"post","link":"https:\/\/bellasartes.edu.py\/index.php\/2024\/08\/05\/elecciones-consejo-superior-institucional-isba\/","title":{"rendered":"Elecciones Consejo Superior Institucional ISBA"},"content":{"rendered":"\n<p>Cumpliendo con el calendario establecido por el TEI ISBA, se realiz\u00f3 este viernes 2 de agosto la jornada electoral para dar paso a la renovaci\u00f3n de los miembros del Consejo Superior Institucional del Instituto Superior de Bellas Artes, en los diferentes estamentos institucionales.<\/p>\n\n\n\n<figure class=\"wp-block-image size-large\"><img loading=\"lazy\" decoding=\"async\" width=\"1024\" height=\"683\" src=\"https:\/\/bellasartes.edu.py\/wp-content\/uploads\/2024\/08\/MG_5940-1024x683.jpg\" alt=\"\" class=\"wp-image-4660\" srcset=\"https:\/\/bellasartes.edu.py\/wp-content\/uploads\/2024\/08\/MG_5940-980x653.jpg 980w, https:\/\/bellasartes.edu.py\/wp-content\/uploads\/2024\/08\/MG_5940-480x320.jpg 480w\" sizes=\"auto, (min-width: 0px) and (max-width: 480px) 480px, (min-width: 481px) and (max-width: 980px) 980px, (min-width: 981px) 1024px, 100vw\" \/><\/figure>\n\n\n\n<p>En este marco, luego de la jornada c\u00edvica que se desarroll\u00f3 con total normalidad, los resultados para cada estamento fueron los siguientes.<\/p>\n\n\n\n<p>El Estamento Docente, lo ocupar\u00e1n los profesores Evert Capdevila y Roxana Lescano; el Estamento Administrativo, Seida Ram\u00edrez y Jorge Ram\u00edrez; el Estamento Estudiantil, H\u00e9ctor Villalba y Yannina Villaroel; el Estamento Exalumnos, Antonela Olmedo.<\/p>\n\n\n\n<figure class=\"wp-block-image size-large\"><img loading=\"lazy\" decoding=\"async\" width=\"1024\" height=\"683\" src=\"https:\/\/bellasartes.edu.py\/wp-content\/uploads\/2024\/08\/MG_5948-1024x683.jpg\" alt=\"\" class=\"wp-image-4661\" srcset=\"https:\/\/bellasartes.edu.py\/wp-content\/uploads\/2024\/08\/MG_5948-980x653.jpg 980w, https:\/\/bellasartes.edu.py\/wp-content\/uploads\/2024\/08\/MG_5948-480x320.jpg 480w\" sizes=\"auto, (min-width: 0px) and (max-width: 480px) 480px, (min-width: 481px) and (max-width: 980px) 980px, (min-width: 981px) 1024px, 100vw\" \/><\/figure>\n\n\n\n<p>De esta manera, los nuevos miembros del Consejo Superior Institucional asumen sus responsabilidades en la siguiente sesi\u00f3n del CSI el lunes 5 de agosto.<\/p>\n","protected":false},"excerpt":{"rendered":"<p>Cumpliendo con el calendario establecido por el TEI ISBA, se realiz\u00f3 este viernes 2 de agosto la jornada electoral para dar paso a la renovaci\u00f3n de los miembros del Consejo Superior Institucional del Instituto Superior de Bellas Artes, en los diferentes estamentos institucionales. En este marco, luego de la jornada c\u00edvica que se desarroll\u00f3 con [&hellip;]<\/p>\n","protected":false},"author":3,"featured_media":4666,"comment_status":"closed","ping_status":"closed","sticky":false,"template":"","format":"standard","meta":{"_et_pb_use_builder":"off","_et_pb_old_content":"<!-- wp:image {\"id\":4659,\"sizeSlug\":\"large\",\"linkDestination\":\"none\"} -->\n<figure class=\"wp-block-image size-large\"><img src=\"http:\/\/bellasartes.edu.py\/wp-content\/uploads\/2024\/08\/MG_5951-1024x683.jpg\" alt=\"\" class=\"wp-image-4659\"\/><\/figure>\n<!-- \/wp:image -->\n\n<!-- wp:paragraph -->\n<p>Cumpliendo con el calendario establecido por el TEI ISBA, se realiz\u00f3 este viernes 2 de agosto la jornada electoral para dar paso a la renovaci\u00f3n de los miembros del Consejo Superior Institucional del Instituto Superior de Bellas Artes, en los diferentes estamentos institucionales.<\/p>\n<!-- \/wp:paragraph -->\n\n<!-- wp:image {\"id\":4660,\"sizeSlug\":\"large\",\"linkDestination\":\"none\"} -->\n<figure class=\"wp-block-image size-large\"><img src=\"https:\/\/bellasartes.edu.py\/wp-content\/uploads\/2024\/08\/MG_5940-1024x683.jpg\" alt=\"\" class=\"wp-image-4660\"\/><\/figure>\n<!-- \/wp:image -->\n\n<!-- wp:paragraph -->\n<p>En este marco, luego de la jornada c\u00edvica que se desarroll\u00f3 con total normalidad, los resultados para cada estamento fueron los siguientes.<\/p>\n<!-- \/wp:paragraph -->\n\n<!-- wp:paragraph -->\n<p>El Estamento Docente, lo ocupar\u00e1n los profesores Evert Capdevila y Roxana Lescano; el Estamento Administrativo, Seida Ram\u00edrez y Jorge Ram\u00edrez; el Estamento Estudiantil, H\u00e9ctor Villalba y Yannina Villaroel; el Estamento Exalumnos, Antonela Olmedo.<\/p>\n<!-- \/wp:paragraph -->\n\n<!-- wp:image {\"id\":4661,\"sizeSlug\":\"large\",\"linkDestination\":\"none\"} -->\n<figure class=\"wp-block-image size-large\"><img src=\"https:\/\/bellasartes.edu.py\/wp-content\/uploads\/2024\/08\/MG_5948-1024x683.jpg\" alt=\"\" class=\"wp-image-4661\"\/><\/figure>\n<!-- \/wp:image -->\n\n<!-- wp:paragraph -->\n<p>De esta manera, los nuevos miembros del Consejo Superior Institucional asumen sus responsabilidades en la siguiente sesi\u00f3n del CSI el lunes 5 de agosto.<\/p>\n<!-- \/wp:paragraph -->","_et_gb_content_width":"","inline_featured_image":false,"fifu_image_url":"https:\/\/bellasartes.edu.py\/wp-content\/uploads\/2024\/08\/MG_5951-980x653.jpg","fifu_image_alt":"","_jetpack_memberships_contains_paid_content":false,"footnotes":""},"categories":[3,26],"tags":[],"class_list":["post-4658","post","type-post","status-publish","format-standard","has-post-thumbnail","hentry","category-noticias","category-transparencia"],"yoast_head":"<!-- This site is optimized with the Yoast SEO plugin v27.5 - https:\/\/yoast.com\/product\/yoast-seo-wordpress\/ -->\n<title>Elecciones Consejo Superior Institucional ISBA - Instituto Superior de Bellas Artes<\/title>\n<meta name=\"description\" content=\"Cumpliendo con el calendario establecido por el TEI ISBA, se realiz\u00f3 este viernes 2 de agosto la jornada electoral para dar paso a la renovaci\u00f3n de los miembros del Consejo Superior Institucional del Instituto Superior de Bellas Artes, en los diferentes estamentos institucionales.\" \/>\n<meta name=\"robots\" content=\"index, follow, max-snippet:-1, max-image-preview:large, max-video-preview:-1\" \/>\n<link rel=\"canonical\" href=\"https:\/\/bellasartes.edu.py\/index.php\/2024\/08\/05\/elecciones-consejo-superior-institucional-isba\/\" \/>\n<meta property=\"og:locale\" content=\"es_ES\" \/>\n<meta property=\"og:type\" content=\"article\" \/>\n<meta property=\"og:title\" content=\"Elecciones Consejo Superior Institucional ISBA - Instituto Superior de Bellas Artes\" \/>\n<meta property=\"og:description\" content=\"Cumpliendo con el calendario establecido por el TEI ISBA, se realiz\u00f3 este viernes 2 de agosto la jornada electoral para dar paso a la renovaci\u00f3n de los miembros del Consejo Superior Institucional del Instituto Superior de Bellas Artes, en los diferentes estamentos institucionales.\" \/>\n<meta property=\"og:url\" content=\"https:\/\/bellasartes.edu.py\/index.php\/2024\/08\/05\/elecciones-consejo-superior-institucional-isba\/\" \/>\n<meta property=\"og:site_name\" content=\"Instituto Superior de Bellas Artes\" \/>\n<meta property=\"article:publisher\" content=\"https:\/\/www.facebook.com\/isbaoficial\" \/>\n<meta property=\"article:published_time\" content=\"2024-08-05T18:22:40+00:00\" \/>\n<meta property=\"article:modified_time\" content=\"2024-08-05T18:25:43+00:00\" \/>\n<meta property=\"og:image\" content=\"https:\/\/bellasartes.edu.py\/wp-content\/uploads\/2024\/08\/MG_5951-980x653.jpg\" \/>\n<meta name=\"author\" content=\"comunicarte\" \/>\n<meta name=\"twitter:card\" content=\"summary_large_image\" \/>\n<meta name=\"twitter:image\" content=\"https:\/\/bellasartes.edu.py\/wp-content\/uploads\/2024\/08\/MG_5951-980x653.jpg\" \/>\n<meta name=\"twitter:label1\" content=\"Escrito por\" \/>\n\t<meta name=\"twitter:data1\" content=\"comunicarte\" \/>\n\t<meta name=\"twitter:label2\" content=\"Tiempo de lectura\" \/>\n\t<meta name=\"twitter:data2\" content=\"1 minuto\" \/>\n<script type=\"application\/ld+json\" class=\"yoast-schema-graph\">{\"@context\":\"https:\\\/\\\/schema.org\",\"@graph\":[{\"@type\":\"Article\",\"@id\":\"https:\\\/\\\/bellasartes.edu.py\\\/index.php\\\/2024\\\/08\\\/05\\\/elecciones-consejo-superior-institucional-isba\\\/#article\",\"isPartOf\":{\"@id\":\"https:\\\/\\\/bellasartes.edu.py\\\/index.php\\\/2024\\\/08\\\/05\\\/elecciones-consejo-superior-institucional-isba\\\/\"},\"author\":{\"name\":\"comunicarte\",\"@id\":\"https:\\\/\\\/bellasartes.edu.py\\\/#\\\/schema\\\/person\\\/6243d56ea2e518f0b57594d7a454e37a\"},\"headline\":\"Elecciones Consejo Superior Institucional ISBA\",\"datePublished\":\"2024-08-05T18:22:40+00:00\",\"dateModified\":\"2024-08-05T18:25:43+00:00\",\"mainEntityOfPage\":{\"@id\":\"https:\\\/\\\/bellasartes.edu.py\\\/index.php\\\/2024\\\/08\\\/05\\\/elecciones-consejo-superior-institucional-isba\\\/\"},\"wordCount\":132,\"publisher\":{\"@id\":\"https:\\\/\\\/bellasartes.edu.py\\\/#organization\"},\"image\":{\"@id\":\"https:\\\/\\\/bellasartes.edu.py\\\/index.php\\\/2024\\\/08\\\/05\\\/elecciones-consejo-superior-institucional-isba\\\/#primaryimage\"},\"thumbnailUrl\":\"https:\\\/\\\/bellasartes.edu.py\\\/wp-content\\\/uploads\\\/2024\\\/08\\\/MG_5951-980x653.jpg\",\"articleSection\":[\"Noticias\",\"Transparencia\"],\"inLanguage\":\"es\"},{\"@type\":\"WebPage\",\"@id\":\"https:\\\/\\\/bellasartes.edu.py\\\/index.php\\\/2024\\\/08\\\/05\\\/elecciones-consejo-superior-institucional-isba\\\/\",\"url\":\"https:\\\/\\\/bellasartes.edu.py\\\/index.php\\\/2024\\\/08\\\/05\\\/elecciones-consejo-superior-institucional-isba\\\/\",\"name\":\"Elecciones Consejo Superior Institucional ISBA - Instituto Superior de Bellas Artes\",\"isPartOf\":{\"@id\":\"https:\\\/\\\/bellasartes.edu.py\\\/#website\"},\"primaryImageOfPage\":{\"@id\":\"https:\\\/\\\/bellasartes.edu.py\\\/index.php\\\/2024\\\/08\\\/05\\\/elecciones-consejo-superior-institucional-isba\\\/#primaryimage\"},\"image\":{\"@id\":\"https:\\\/\\\/bellasartes.edu.py\\\/index.php\\\/2024\\\/08\\\/05\\\/elecciones-consejo-superior-institucional-isba\\\/#primaryimage\"},\"thumbnailUrl\":\"https:\\\/\\\/bellasartes.edu.py\\\/wp-content\\\/uploads\\\/2024\\\/08\\\/MG_5951-980x653.jpg\",\"datePublished\":\"2024-08-05T18:22:40+00:00\",\"dateModified\":\"2024-08-05T18:25:43+00:00\",\"description\":\"Cumpliendo con el calendario establecido por el TEI ISBA, se realiz\u00f3 este viernes 2 de agosto la jornada electoral para dar paso a la renovaci\u00f3n de los miembros del Consejo Superior Institucional del Instituto Superior de Bellas Artes, en los diferentes estamentos institucionales.\",\"breadcrumb\":{\"@id\":\"https:\\\/\\\/bellasartes.edu.py\\\/index.php\\\/2024\\\/08\\\/05\\\/elecciones-consejo-superior-institucional-isba\\\/#breadcrumb\"},\"inLanguage\":\"es\",\"potentialAction\":[{\"@type\":\"ReadAction\",\"target\":[\"https:\\\/\\\/bellasartes.edu.py\\\/index.php\\\/2024\\\/08\\\/05\\\/elecciones-consejo-superior-institucional-isba\\\/\"]}]},{\"@type\":\"ImageObject\",\"inLanguage\":\"es\",\"@id\":\"https:\\\/\\\/bellasartes.edu.py\\\/index.php\\\/2024\\\/08\\\/05\\\/elecciones-consejo-superior-institucional-isba\\\/#primaryimage\",\"url\":\"https:\\\/\\\/bellasartes.edu.py\\\/wp-content\\\/uploads\\\/2024\\\/08\\\/MG_5951-980x653.jpg\",\"contentUrl\":\"https:\\\/\\\/bellasartes.edu.py\\\/wp-content\\\/uploads\\\/2024\\\/08\\\/MG_5951-980x653.jpg\",\"width\":\"980\",\"height\":\"653\"},{\"@type\":\"BreadcrumbList\",\"@id\":\"https:\\\/\\\/bellasartes.edu.py\\\/index.php\\\/2024\\\/08\\\/05\\\/elecciones-consejo-superior-institucional-isba\\\/#breadcrumb\",\"itemListElement\":[{\"@type\":\"ListItem\",\"position\":1,\"name\":\"Home\",\"item\":\"https:\\\/\\\/bellasartes.edu.py\\\/\"},{\"@type\":\"ListItem\",\"position\":2,\"name\":\"Elecciones Consejo Superior Institucional ISBA\"}]},{\"@type\":\"WebSite\",\"@id\":\"https:\\\/\\\/bellasartes.edu.py\\\/#website\",\"url\":\"https:\\\/\\\/bellasartes.edu.py\\\/\",\"name\":\"Instituto Superior de Bellas Artes\",\"description\":\"\",\"publisher\":{\"@id\":\"https:\\\/\\\/bellasartes.edu.py\\\/#organization\"},\"potentialAction\":[{\"@type\":\"SearchAction\",\"target\":{\"@type\":\"EntryPoint\",\"urlTemplate\":\"https:\\\/\\\/bellasartes.edu.py\\\/?s={search_term_string}\"},\"query-input\":{\"@type\":\"PropertyValueSpecification\",\"valueRequired\":true,\"valueName\":\"search_term_string\"}}],\"inLanguage\":\"es\"},{\"@type\":\"Organization\",\"@id\":\"https:\\\/\\\/bellasartes.edu.py\\\/#organization\",\"name\":\"Instituto Superior de Bellas Artes\",\"url\":\"https:\\\/\\\/bellasartes.edu.py\\\/\",\"logo\":{\"@type\":\"ImageObject\",\"inLanguage\":\"es\",\"@id\":\"https:\\\/\\\/bellasartes.edu.py\\\/#\\\/schema\\\/logo\\\/image\\\/\",\"url\":\"https:\\\/\\\/bellasartes.edu.py\\\/wp-content\\\/uploads\\\/2024\\\/03\\\/cropped-imagenes-y-logos_Mesa-de-trabajo-1.png\",\"contentUrl\":\"https:\\\/\\\/bellasartes.edu.py\\\/wp-content\\\/uploads\\\/2024\\\/03\\\/cropped-imagenes-y-logos_Mesa-de-trabajo-1.png\",\"width\":512,\"height\":512,\"caption\":\"Instituto Superior de Bellas Artes\"},\"image\":{\"@id\":\"https:\\\/\\\/bellasartes.edu.py\\\/#\\\/schema\\\/logo\\\/image\\\/\"},\"sameAs\":[\"https:\\\/\\\/www.facebook.com\\\/isbaoficial\",\"https:\\\/\\\/www.instagram.com\\\/bellasartes.py\\\/\",\"https:\\\/\\\/www.linkedin.com\\\/school\\\/74351323\\\/admin\\\/feed\\\/posts\\\/\"]},{\"@type\":\"Person\",\"@id\":\"https:\\\/\\\/bellasartes.edu.py\\\/#\\\/schema\\\/person\\\/6243d56ea2e518f0b57594d7a454e37a\",\"name\":\"comunicarte\",\"image\":{\"@type\":\"ImageObject\",\"inLanguage\":\"es\",\"@id\":\"https:\\\/\\\/secure.gravatar.com\\\/avatar\\\/73b4d6769843e544de958c36b6a5ccd5fbfbe514a048340133a4d304a2f5777b?s=96&d=mm&r=g\",\"url\":\"https:\\\/\\\/secure.gravatar.com\\\/avatar\\\/73b4d6769843e544de958c36b6a5ccd5fbfbe514a048340133a4d304a2f5777b?s=96&d=mm&r=g\",\"contentUrl\":\"https:\\\/\\\/secure.gravatar.com\\\/avatar\\\/73b4d6769843e544de958c36b6a5ccd5fbfbe514a048340133a4d304a2f5777b?s=96&d=mm&r=g\",\"caption\":\"comunicarte\"},\"url\":\"https:\\\/\\\/bellasartes.edu.py\\\/index.php\\\/author\\\/comunicarte\\\/\"}]}<\/script>\n<!-- \/ Yoast SEO plugin. -->","yoast_head_json":{"title":"Elecciones Consejo Superior Institucional ISBA - Instituto Superior de Bellas Artes","description":"Cumpliendo con el calendario establecido por el TEI ISBA, se realiz\u00f3 este viernes 2 de agosto la jornada electoral para dar paso a la renovaci\u00f3n de los miembros del Consejo Superior Institucional del Instituto Superior de Bellas Artes, en los diferentes estamentos institucionales.","robots":{"index":"index","follow":"follow","max-snippet":"max-snippet:-1","max-image-preview":"max-image-preview:large","max-video-preview":"max-video-preview:-1"},"canonical":"https:\/\/bellasartes.edu.py\/index.php\/2024\/08\/05\/elecciones-consejo-superior-institucional-isba\/","og_locale":"es_ES","og_type":"article","og_title":"Elecciones Consejo Superior Institucional ISBA - Instituto Superior de Bellas Artes","og_description":"Cumpliendo con el calendario establecido por el TEI ISBA, se realiz\u00f3 este viernes 2 de agosto la jornada electoral para dar paso a la renovaci\u00f3n de los miembros del Consejo Superior Institucional del Instituto Superior de Bellas Artes, en los diferentes estamentos institucionales.","og_url":"https:\/\/bellasartes.edu.py\/index.php\/2024\/08\/05\/elecciones-consejo-superior-institucional-isba\/","og_site_name":"Instituto Superior de Bellas Artes","article_publisher":"https:\/\/www.facebook.com\/isbaoficial","article_published_time":"2024-08-05T18:22:40+00:00","article_modified_time":"2024-08-05T18:25:43+00:00","og_image":[{"url":"https:\/\/bellasartes.edu.py\/wp-content\/uploads\/2024\/08\/MG_5951-980x653.jpg","type":"","width":"","height":""}],"author":"comunicarte","twitter_card":"summary_large_image","twitter_image":"https:\/\/bellasartes.edu.py\/wp-content\/uploads\/2024\/08\/MG_5951-980x653.jpg","twitter_misc":{"Escrito por":"comunicarte","Tiempo de lectura":"1 minuto"},"schema":{"@context":"https:\/\/schema.org","@graph":[{"@type":"Article","@id":"https:\/\/bellasartes.edu.py\/index.php\/2024\/08\/05\/elecciones-consejo-superior-institucional-isba\/#article","isPartOf":{"@id":"https:\/\/bellasartes.edu.py\/index.php\/2024\/08\/05\/elecciones-consejo-superior-institucional-isba\/"},"author":{"name":"comunicarte","@id":"https:\/\/bellasartes.edu.py\/#\/schema\/person\/6243d56ea2e518f0b57594d7a454e37a"},"headline":"Elecciones Consejo Superior Institucional ISBA","datePublished":"2024-08-05T18:22:40+00:00","dateModified":"2024-08-05T18:25:43+00:00","mainEntityOfPage":{"@id":"https:\/\/bellasartes.edu.py\/index.php\/2024\/08\/05\/elecciones-consejo-superior-institucional-isba\/"},"wordCount":132,"publisher":{"@id":"https:\/\/bellasartes.edu.py\/#organization"},"image":{"@id":"https:\/\/bellasartes.edu.py\/index.php\/2024\/08\/05\/elecciones-consejo-superior-institucional-isba\/#primaryimage"},"thumbnailUrl":"https:\/\/bellasartes.edu.py\/wp-content\/uploads\/2024\/08\/MG_5951-980x653.jpg","articleSection":["Noticias","Transparencia"],"inLanguage":"es"},{"@type":"WebPage","@id":"https:\/\/bellasartes.edu.py\/index.php\/2024\/08\/05\/elecciones-consejo-superior-institucional-isba\/","url":"https:\/\/bellasartes.edu.py\/index.php\/2024\/08\/05\/elecciones-consejo-superior-institucional-isba\/","name":"Elecciones Consejo Superior Institucional ISBA - Instituto Superior de Bellas Artes","isPartOf":{"@id":"https:\/\/bellasartes.edu.py\/#website"},"primaryImageOfPage":{"@id":"https:\/\/bellasartes.edu.py\/index.php\/2024\/08\/05\/elecciones-consejo-superior-institucional-isba\/#primaryimage"},"image":{"@id":"https:\/\/bellasartes.edu.py\/index.php\/2024\/08\/05\/elecciones-consejo-superior-institucional-isba\/#primaryimage"},"thumbnailUrl":"https:\/\/bellasartes.edu.py\/wp-content\/uploads\/2024\/08\/MG_5951-980x653.jpg","datePublished":"2024-08-05T18:22:40+00:00","dateModified":"2024-08-05T18:25:43+00:00","description":"Cumpliendo con el calendario establecido por el TEI ISBA, se realiz\u00f3 este viernes 2 de agosto la jornada electoral para dar paso a la renovaci\u00f3n de los miembros del Consejo Superior Institucional del Instituto Superior de Bellas Artes, en los diferentes estamentos institucionales.","breadcrumb":{"@id":"https:\/\/bellasartes.edu.py\/index.php\/2024\/08\/05\/elecciones-consejo-superior-institucional-isba\/#breadcrumb"},"inLanguage":"es","potentialAction":[{"@type":"ReadAction","target":["https:\/\/bellasartes.edu.py\/index.php\/2024\/08\/05\/elecciones-consejo-superior-institucional-isba\/"]}]},{"@type":"ImageObject","inLanguage":"es","@id":"https:\/\/bellasartes.edu.py\/index.php\/2024\/08\/05\/elecciones-consejo-superior-institucional-isba\/#primaryimage","url":"https:\/\/bellasartes.edu.py\/wp-content\/uploads\/2024\/08\/MG_5951-980x653.jpg","contentUrl":"https:\/\/bellasartes.edu.py\/wp-content\/uploads\/2024\/08\/MG_5951-980x653.jpg","width":"980","height":"653"},{"@type":"BreadcrumbList","@id":"https:\/\/bellasartes.edu.py\/index.php\/2024\/08\/05\/elecciones-consejo-superior-institucional-isba\/#breadcrumb","itemListElement":[{"@type":"ListItem","position":1,"name":"Home","item":"https:\/\/bellasartes.edu.py\/"},{"@type":"ListItem","position":2,"name":"Elecciones Consejo Superior Institucional ISBA"}]},{"@type":"WebSite","@id":"https:\/\/bellasartes.edu.py\/#website","url":"https:\/\/bellasartes.edu.py\/","name":"Instituto Superior de Bellas Artes","description":"","publisher":{"@id":"https:\/\/bellasartes.edu.py\/#organization"},"potentialAction":[{"@type":"SearchAction","target":{"@type":"EntryPoint","urlTemplate":"https:\/\/bellasartes.edu.py\/?s={search_term_string}"},"query-input":{"@type":"PropertyValueSpecification","valueRequired":true,"valueName":"search_term_string"}}],"inLanguage":"es"},{"@type":"Organization","@id":"https:\/\/bellasartes.edu.py\/#organization","name":"Instituto Superior de Bellas Artes","url":"https:\/\/bellasartes.edu.py\/","logo":{"@type":"ImageObject","inLanguage":"es","@id":"https:\/\/bellasartes.edu.py\/#\/schema\/logo\/image\/","url":"https:\/\/bellasartes.edu.py\/wp-content\/uploads\/2024\/03\/cropped-imagenes-y-logos_Mesa-de-trabajo-1.png","contentUrl":"https:\/\/bellasartes.edu.py\/wp-content\/uploads\/2024\/03\/cropped-imagenes-y-logos_Mesa-de-trabajo-1.png","width":512,"height":512,"caption":"Instituto Superior de Bellas Artes"},"image":{"@id":"https:\/\/bellasartes.edu.py\/#\/schema\/logo\/image\/"},"sameAs":["https:\/\/www.facebook.com\/isbaoficial","https:\/\/www.instagram.com\/bellasartes.py\/","https:\/\/www.linkedin.com\/school\/74351323\/admin\/feed\/posts\/"]},{"@type":"Person","@id":"https:\/\/bellasartes.edu.py\/#\/schema\/person\/6243d56ea2e518f0b57594d7a454e37a","name":"comunicarte","image":{"@type":"ImageObject","inLanguage":"es","@id":"https:\/\/secure.gravatar.com\/avatar\/73b4d6769843e544de958c36b6a5ccd5fbfbe514a048340133a4d304a2f5777b?s=96&d=mm&r=g","url":"https:\/\/secure.gravatar.com\/avatar\/73b4d6769843e544de958c36b6a5ccd5fbfbe514a048340133a4d304a2f5777b?s=96&d=mm&r=g","contentUrl":"https:\/\/secure.gravatar.com\/avatar\/73b4d6769843e544de958c36b6a5ccd5fbfbe514a048340133a4d304a2f5777b?s=96&d=mm&r=g","caption":"comunicarte"},"url":"https:\/\/bellasartes.edu.py\/index.php\/author\/comunicarte\/"}]}},"jetpack_featured_media_url":"https:\/\/bellasartes.edu.py\/wp-content\/uploads\/2024\/08\/MG_5951-980x653.jpg","jetpack_sharing_enabled":true,"_links":{"self":[{"href":"https:\/\/bellasartes.edu.py\/index.php\/wp-json\/wp\/v2\/posts\/4658","targetHints":{"allow":["GET"]}}],"collection":[{"href":"https:\/\/bellasartes.edu.py\/index.php\/wp-json\/wp\/v2\/posts"}],"about":[{"href":"https:\/\/bellasartes.edu.py\/index.php\/wp-json\/wp\/v2\/types\/post"}],"author":[{"embeddable":true,"href":"https:\/\/bellasartes.edu.py\/index.php\/wp-json\/wp\/v2\/users\/3"}],"replies":[{"embeddable":true,"href":"https:\/\/bellasartes.edu.py\/index.php\/wp-json\/wp\/v2\/comments?post=4658"}],"version-history":[{"count":4,"href":"https:\/\/bellasartes.edu.py\/index.php\/wp-json\/wp\/v2\/posts\/4658\/revisions"}],"predecessor-version":[{"id":4667,"href":"https:\/\/bellasartes.edu.py\/index.php\/wp-json\/wp\/v2\/posts\/4658\/revisions\/4667"}],"wp:featuredmedia":[{"embeddable":true,"href":"https:\/\/bellasartes.edu.py\/index.php\/wp-json\/wp\/v2\/media\/4666"}],"wp:attachment":[{"href":"https:\/\/bellasartes.edu.py\/index.php\/wp-json\/wp\/v2\/media?parent=4658"}],"wp:term":[{"taxonomy":"category","embeddable":true,"href":"https:\/\/bellasartes.edu.py\/index.php\/wp-json\/wp\/v2\/categories?post=4658"},{"taxonomy":"post_tag","embeddable":true,"href":"https:\/\/bellasartes.edu.py\/index.php\/wp-json\/wp\/v2\/tags?post=4658"}],"curies":[{"name":"wp","href":"https:\/\/api.w.org\/{rel}","templated":true}]}}