{"id":4891,"date":"2024-09-11T19:33:46","date_gmt":"2024-09-11T19:33:46","guid":{"rendered":"https:\/\/bellasartes.edu.py\/?p=4891"},"modified":"2024-09-12T01:40:12","modified_gmt":"2024-09-12T01:40:12","slug":"arquidiocesis","status":"publish","type":"post","link":"https:\/\/bellasartes.edu.py\/index.php\/2024\/09\/11\/arquidiocesis\/","title":{"rendered":"Convenio entre la Arquidi\u00f3cesis de Asunci\u00f3n y Bellas Artes."},"content":{"rendered":"\n<p>A fin de estrechar los lazos en la cooperaci\u00f3n mutua, el Instituto Superior de Bellas Artes y la Arquidi\u00f3cesis de Asunci\u00f3n firmaron un convenio marco de cooperaci\u00f3n interinstitucional, el mi\u00e9rcoles 11 de agosto.<\/p>\n\n\n\n<p>El evento tuvo lugar en la sala de reuniones del Seminario Metropolitano y cont\u00f3 con la presencia del Director General de Bellas Artes, Mgtr. Osvaldo Olivera, el Cardenal Adalberto Mart\u00ednez Flores, Arzobispo Metropolitano, Pbro. Hugo Fern\u00e1ndez, Director del Museo Eclesi\u00e1stico Monse\u00f1or Bogar\u00edn, Jorge Ram\u00edrez, Relaciones Interinstitucionales ISBA y Juan Carlos Romero, Asesor Jur\u00eddico de la Arquidi\u00f3cesis de Asunci\u00f3n.<\/p>\n\n\n\n<p>El presente convenio tiene la finalidad de establecer las bases del relacionamiento entre ambas instituciones en materia acad\u00e9mica, cient\u00edfica, tecnol\u00f3gica y cultural para la cooperaci\u00f3n mutua, tendientes al desarrollo de programas y proyectos, en el fortalecimiento de la educaci\u00f3n y la profesionalizaci\u00f3n.<\/p>\n\n\n\n<p>M\u00e1s informaci\u00f3n: <a href=\"https:\/\/arzobispado.org.py\/firma-de-convenio-entre-el-instituto-superior-de-bellas-artes-y-la-arquidiocesis-de-la-santisima-asuncion\/\">https:\/\/arzobispado.org.py\/firma-de-convenio-entre-el-instituto-superior-de-bellas-artes-y-la-arquidiocesis-de-la-santisima-asuncion\/<\/a><\/p>\n\n\n\n<figure class=\"wp-block-image size-large\"><img loading=\"lazy\" decoding=\"async\" width=\"1024\" height=\"576\" src=\"https:\/\/bellasartes.edu.py\/wp-content\/uploads\/2024\/09\/DSC07716-1-1024x576.jpg\" alt=\"\" class=\"wp-image-4897\" srcset=\"https:\/\/bellasartes.edu.py\/wp-content\/uploads\/2024\/09\/DSC07716-1-980x551.jpg 980w, https:\/\/bellasartes.edu.py\/wp-content\/uploads\/2024\/09\/DSC07716-1-480x270.jpg 480w\" sizes=\"auto, (min-width: 0px) and (max-width: 480px) 480px, (min-width: 481px) and (max-width: 980px) 980px, (min-width: 981px) 1024px, 100vw\" \/><\/figure>\n\n\n\n<figure class=\"wp-block-gallery has-nested-images columns-default is-cropped wp-block-gallery-1 is-layout-flex wp-block-gallery-is-layout-flex\">\n<figure class=\"wp-block-image size-large\"><img loading=\"lazy\" decoding=\"async\" width=\"1024\" height=\"576\" data-id=\"4896\" src=\"https:\/\/bellasartes.edu.py\/wp-content\/uploads\/2024\/09\/DSC07724-1024x576.jpg\" alt=\"\" class=\"wp-image-4896\" srcset=\"https:\/\/bellasartes.edu.py\/wp-content\/uploads\/2024\/09\/DSC07724-980x551.jpg 980w, https:\/\/bellasartes.edu.py\/wp-content\/uploads\/2024\/09\/DSC07724-480x270.jpg 480w\" sizes=\"auto, (min-width: 0px) and (max-width: 480px) 480px, (min-width: 481px) and (max-width: 980px) 980px, (min-width: 981px) 1024px, 100vw\" \/><\/figure>\n\n\n\n<figure class=\"wp-block-image size-large\"><img loading=\"lazy\" decoding=\"async\" width=\"1024\" height=\"576\" data-id=\"4895\" src=\"https:\/\/bellasartes.edu.py\/wp-content\/uploads\/2024\/09\/DSC07726-1024x576.jpg\" alt=\"\" class=\"wp-image-4895\" srcset=\"https:\/\/bellasartes.edu.py\/wp-content\/uploads\/2024\/09\/DSC07726-980x551.jpg 980w, https:\/\/bellasartes.edu.py\/wp-content\/uploads\/2024\/09\/DSC07726-480x270.jpg 480w\" sizes=\"auto, (min-width: 0px) and (max-width: 480px) 480px, (min-width: 481px) and (max-width: 980px) 980px, (min-width: 981px) 1024px, 100vw\" \/><\/figure>\n<\/figure>\n","protected":false},"excerpt":{"rendered":"<p>A fin de estrechar los lazos en la cooperaci\u00f3n mutua, el Instituto Superior de Bellas Artes y la Arquidi\u00f3cesis de Asunci\u00f3n firmaron un convenio marco de cooperaci\u00f3n interinstitucional, el mi\u00e9rcoles 11 de agosto. El evento tuvo lugar en la sala de reuniones del Seminario Metropolitano y cont\u00f3 con la presencia del Director General de Bellas [&hellip;]<\/p>\n","protected":false},"author":3,"featured_media":4892,"comment_status":"open","ping_status":"open","sticky":false,"template":"","format":"standard","meta":{"_et_pb_use_builder":"off","_et_pb_old_content":"","_et_gb_content_width":"","inline_featured_image":false,"fifu_image_url":"","fifu_image_alt":"","_jetpack_memberships_contains_paid_content":false,"footnotes":""},"categories":[3],"tags":[],"class_list":["post-4891","post","type-post","status-publish","format-standard","has-post-thumbnail","hentry","category-noticias"],"yoast_head":"<!-- This site is optimized with the Yoast SEO plugin v27.5 - https:\/\/yoast.com\/product\/yoast-seo-wordpress\/ -->\n<title>Arquidi\u00f3cesis<\/title>\n<meta name=\"description\" content=\"Bellas Artes y la Arquidi\u00f3cesis de Asunci\u00f3n firmaron un convenio marco de cooperaci\u00f3n interinstitucional, el mi\u00e9rcoles 11 de agosto.\" \/>\n<meta name=\"robots\" content=\"index, follow, max-snippet:-1, max-image-preview:large, max-video-preview:-1\" \/>\n<link rel=\"canonical\" href=\"https:\/\/bellasartes.edu.py\/index.php\/2024\/09\/11\/arquidiocesis\/\" \/>\n<meta property=\"og:locale\" content=\"es_ES\" \/>\n<meta property=\"og:type\" content=\"article\" \/>\n<meta property=\"og:title\" content=\"Arquidi\u00f3cesis\" \/>\n<meta property=\"og:description\" content=\"Bellas Artes y la Arquidi\u00f3cesis de Asunci\u00f3n firmaron un convenio marco de cooperaci\u00f3n interinstitucional, el mi\u00e9rcoles 11 de agosto.\" \/>\n<meta property=\"og:url\" content=\"https:\/\/bellasartes.edu.py\/index.php\/2024\/09\/11\/arquidiocesis\/\" \/>\n<meta property=\"og:site_name\" content=\"Instituto Superior de Bellas Artes\" \/>\n<meta property=\"article:publisher\" content=\"https:\/\/www.facebook.com\/isbaoficial\" \/>\n<meta property=\"article:published_time\" content=\"2024-09-11T19:33:46+00:00\" \/>\n<meta property=\"article:modified_time\" content=\"2024-09-12T01:40:12+00:00\" \/>\n<meta property=\"og:image\" content=\"http:\/\/bellasartes.edu.py\/wp-content\/uploads\/2024\/09\/DSC07739-scaled.jpg\" \/>\n\t<meta property=\"og:image:width\" content=\"2560\" \/>\n\t<meta property=\"og:image:height\" content=\"1439\" \/>\n\t<meta property=\"og:image:type\" content=\"image\/jpeg\" \/>\n<meta name=\"author\" content=\"comunicarte\" \/>\n<meta name=\"twitter:card\" content=\"summary_large_image\" \/>\n<meta name=\"twitter:label1\" content=\"Escrito por\" \/>\n\t<meta name=\"twitter:data1\" content=\"comunicarte\" \/>\n\t<meta name=\"twitter:label2\" content=\"Tiempo de lectura\" \/>\n\t<meta name=\"twitter:data2\" content=\"1 minuto\" \/>\n<script type=\"application\/ld+json\" class=\"yoast-schema-graph\">{\"@context\":\"https:\\\/\\\/schema.org\",\"@graph\":[{\"@type\":\"Article\",\"@id\":\"https:\\\/\\\/bellasartes.edu.py\\\/index.php\\\/2024\\\/09\\\/11\\\/arquidiocesis\\\/#article\",\"isPartOf\":{\"@id\":\"https:\\\/\\\/bellasartes.edu.py\\\/index.php\\\/2024\\\/09\\\/11\\\/arquidiocesis\\\/\"},\"author\":{\"name\":\"comunicarte\",\"@id\":\"https:\\\/\\\/bellasartes.edu.py\\\/#\\\/schema\\\/person\\\/6243d56ea2e518f0b57594d7a454e37a\"},\"headline\":\"Convenio entre la Arquidi\u00f3cesis de Asunci\u00f3n y Bellas Artes.\",\"datePublished\":\"2024-09-11T19:33:46+00:00\",\"dateModified\":\"2024-09-12T01:40:12+00:00\",\"mainEntityOfPage\":{\"@id\":\"https:\\\/\\\/bellasartes.edu.py\\\/index.php\\\/2024\\\/09\\\/11\\\/arquidiocesis\\\/\"},\"wordCount\":172,\"commentCount\":0,\"publisher\":{\"@id\":\"https:\\\/\\\/bellasartes.edu.py\\\/#organization\"},\"image\":{\"@id\":\"https:\\\/\\\/bellasartes.edu.py\\\/index.php\\\/2024\\\/09\\\/11\\\/arquidiocesis\\\/#primaryimage\"},\"thumbnailUrl\":\"https:\\\/\\\/bellasartes.edu.py\\\/wp-content\\\/uploads\\\/2024\\\/09\\\/DSC07739-scaled.jpg\",\"articleSection\":[\"Noticias\"],\"inLanguage\":\"es\",\"potentialAction\":[{\"@type\":\"CommentAction\",\"name\":\"Comment\",\"target\":[\"https:\\\/\\\/bellasartes.edu.py\\\/index.php\\\/2024\\\/09\\\/11\\\/arquidiocesis\\\/#respond\"]}]},{\"@type\":\"WebPage\",\"@id\":\"https:\\\/\\\/bellasartes.edu.py\\\/index.php\\\/2024\\\/09\\\/11\\\/arquidiocesis\\\/\",\"url\":\"https:\\\/\\\/bellasartes.edu.py\\\/index.php\\\/2024\\\/09\\\/11\\\/arquidiocesis\\\/\",\"name\":\"Arquidi\u00f3cesis\",\"isPartOf\":{\"@id\":\"https:\\\/\\\/bellasartes.edu.py\\\/#website\"},\"primaryImageOfPage\":{\"@id\":\"https:\\\/\\\/bellasartes.edu.py\\\/index.php\\\/2024\\\/09\\\/11\\\/arquidiocesis\\\/#primaryimage\"},\"image\":{\"@id\":\"https:\\\/\\\/bellasartes.edu.py\\\/index.php\\\/2024\\\/09\\\/11\\\/arquidiocesis\\\/#primaryimage\"},\"thumbnailUrl\":\"https:\\\/\\\/bellasartes.edu.py\\\/wp-content\\\/uploads\\\/2024\\\/09\\\/DSC07739-scaled.jpg\",\"datePublished\":\"2024-09-11T19:33:46+00:00\",\"dateModified\":\"2024-09-12T01:40:12+00:00\",\"description\":\"Bellas Artes y la Arquidi\u00f3cesis de Asunci\u00f3n firmaron un convenio marco de cooperaci\u00f3n interinstitucional, el mi\u00e9rcoles 11 de agosto.\",\"breadcrumb\":{\"@id\":\"https:\\\/\\\/bellasartes.edu.py\\\/index.php\\\/2024\\\/09\\\/11\\\/arquidiocesis\\\/#breadcrumb\"},\"inLanguage\":\"es\",\"potentialAction\":[{\"@type\":\"ReadAction\",\"target\":[\"https:\\\/\\\/bellasartes.edu.py\\\/index.php\\\/2024\\\/09\\\/11\\\/arquidiocesis\\\/\"]}]},{\"@type\":\"ImageObject\",\"inLanguage\":\"es\",\"@id\":\"https:\\\/\\\/bellasartes.edu.py\\\/index.php\\\/2024\\\/09\\\/11\\\/arquidiocesis\\\/#primaryimage\",\"url\":\"https:\\\/\\\/bellasartes.edu.py\\\/wp-content\\\/uploads\\\/2024\\\/09\\\/DSC07739-scaled.jpg\",\"contentUrl\":\"https:\\\/\\\/bellasartes.edu.py\\\/wp-content\\\/uploads\\\/2024\\\/09\\\/DSC07739-scaled.jpg\",\"width\":2560,\"height\":1439},{\"@type\":\"BreadcrumbList\",\"@id\":\"https:\\\/\\\/bellasartes.edu.py\\\/index.php\\\/2024\\\/09\\\/11\\\/arquidiocesis\\\/#breadcrumb\",\"itemListElement\":[{\"@type\":\"ListItem\",\"position\":1,\"name\":\"Home\",\"item\":\"https:\\\/\\\/bellasartes.edu.py\\\/\"},{\"@type\":\"ListItem\",\"position\":2,\"name\":\"Convenio entre la Arquidi\u00f3cesis de Asunci\u00f3n y Bellas Artes.\"}]},{\"@type\":\"WebSite\",\"@id\":\"https:\\\/\\\/bellasartes.edu.py\\\/#website\",\"url\":\"https:\\\/\\\/bellasartes.edu.py\\\/\",\"name\":\"Instituto Superior de Bellas Artes\",\"description\":\"\",\"publisher\":{\"@id\":\"https:\\\/\\\/bellasartes.edu.py\\\/#organization\"},\"potentialAction\":[{\"@type\":\"SearchAction\",\"target\":{\"@type\":\"EntryPoint\",\"urlTemplate\":\"https:\\\/\\\/bellasartes.edu.py\\\/?s={search_term_string}\"},\"query-input\":{\"@type\":\"PropertyValueSpecification\",\"valueRequired\":true,\"valueName\":\"search_term_string\"}}],\"inLanguage\":\"es\"},{\"@type\":\"Organization\",\"@id\":\"https:\\\/\\\/bellasartes.edu.py\\\/#organization\",\"name\":\"Instituto Superior de Bellas Artes\",\"url\":\"https:\\\/\\\/bellasartes.edu.py\\\/\",\"logo\":{\"@type\":\"ImageObject\",\"inLanguage\":\"es\",\"@id\":\"https:\\\/\\\/bellasartes.edu.py\\\/#\\\/schema\\\/logo\\\/image\\\/\",\"url\":\"https:\\\/\\\/bellasartes.edu.py\\\/wp-content\\\/uploads\\\/2024\\\/03\\\/cropped-imagenes-y-logos_Mesa-de-trabajo-1.png\",\"contentUrl\":\"https:\\\/\\\/bellasartes.edu.py\\\/wp-content\\\/uploads\\\/2024\\\/03\\\/cropped-imagenes-y-logos_Mesa-de-trabajo-1.png\",\"width\":512,\"height\":512,\"caption\":\"Instituto Superior de Bellas Artes\"},\"image\":{\"@id\":\"https:\\\/\\\/bellasartes.edu.py\\\/#\\\/schema\\\/logo\\\/image\\\/\"},\"sameAs\":[\"https:\\\/\\\/www.facebook.com\\\/isbaoficial\",\"https:\\\/\\\/www.instagram.com\\\/bellasartes.py\\\/\",\"https:\\\/\\\/www.linkedin.com\\\/school\\\/74351323\\\/admin\\\/feed\\\/posts\\\/\"]},{\"@type\":\"Person\",\"@id\":\"https:\\\/\\\/bellasartes.edu.py\\\/#\\\/schema\\\/person\\\/6243d56ea2e518f0b57594d7a454e37a\",\"name\":\"comunicarte\",\"image\":{\"@type\":\"ImageObject\",\"inLanguage\":\"es\",\"@id\":\"https:\\\/\\\/secure.gravatar.com\\\/avatar\\\/73b4d6769843e544de958c36b6a5ccd5fbfbe514a048340133a4d304a2f5777b?s=96&d=mm&r=g\",\"url\":\"https:\\\/\\\/secure.gravatar.com\\\/avatar\\\/73b4d6769843e544de958c36b6a5ccd5fbfbe514a048340133a4d304a2f5777b?s=96&d=mm&r=g\",\"contentUrl\":\"https:\\\/\\\/secure.gravatar.com\\\/avatar\\\/73b4d6769843e544de958c36b6a5ccd5fbfbe514a048340133a4d304a2f5777b?s=96&d=mm&r=g\",\"caption\":\"comunicarte\"},\"url\":\"https:\\\/\\\/bellasartes.edu.py\\\/index.php\\\/author\\\/comunicarte\\\/\"}]}<\/script>\n<!-- \/ Yoast SEO plugin. -->","yoast_head_json":{"title":"Arquidi\u00f3cesis","description":"Bellas Artes y la Arquidi\u00f3cesis de Asunci\u00f3n firmaron un convenio marco de cooperaci\u00f3n interinstitucional, el mi\u00e9rcoles 11 de agosto.","robots":{"index":"index","follow":"follow","max-snippet":"max-snippet:-1","max-image-preview":"max-image-preview:large","max-video-preview":"max-video-preview:-1"},"canonical":"https:\/\/bellasartes.edu.py\/index.php\/2024\/09\/11\/arquidiocesis\/","og_locale":"es_ES","og_type":"article","og_title":"Arquidi\u00f3cesis","og_description":"Bellas Artes y la Arquidi\u00f3cesis de Asunci\u00f3n firmaron un convenio marco de cooperaci\u00f3n interinstitucional, el mi\u00e9rcoles 11 de agosto.","og_url":"https:\/\/bellasartes.edu.py\/index.php\/2024\/09\/11\/arquidiocesis\/","og_site_name":"Instituto Superior de Bellas Artes","article_publisher":"https:\/\/www.facebook.com\/isbaoficial","article_published_time":"2024-09-11T19:33:46+00:00","article_modified_time":"2024-09-12T01:40:12+00:00","og_image":[{"width":2560,"height":1439,"url":"http:\/\/bellasartes.edu.py\/wp-content\/uploads\/2024\/09\/DSC07739-scaled.jpg","type":"image\/jpeg"}],"author":"comunicarte","twitter_card":"summary_large_image","twitter_misc":{"Escrito por":"comunicarte","Tiempo de lectura":"1 minuto"},"schema":{"@context":"https:\/\/schema.org","@graph":[{"@type":"Article","@id":"https:\/\/bellasartes.edu.py\/index.php\/2024\/09\/11\/arquidiocesis\/#article","isPartOf":{"@id":"https:\/\/bellasartes.edu.py\/index.php\/2024\/09\/11\/arquidiocesis\/"},"author":{"name":"comunicarte","@id":"https:\/\/bellasartes.edu.py\/#\/schema\/person\/6243d56ea2e518f0b57594d7a454e37a"},"headline":"Convenio entre la Arquidi\u00f3cesis de Asunci\u00f3n y Bellas Artes.","datePublished":"2024-09-11T19:33:46+00:00","dateModified":"2024-09-12T01:40:12+00:00","mainEntityOfPage":{"@id":"https:\/\/bellasartes.edu.py\/index.php\/2024\/09\/11\/arquidiocesis\/"},"wordCount":172,"commentCount":0,"publisher":{"@id":"https:\/\/bellasartes.edu.py\/#organization"},"image":{"@id":"https:\/\/bellasartes.edu.py\/index.php\/2024\/09\/11\/arquidiocesis\/#primaryimage"},"thumbnailUrl":"https:\/\/bellasartes.edu.py\/wp-content\/uploads\/2024\/09\/DSC07739-scaled.jpg","articleSection":["Noticias"],"inLanguage":"es","potentialAction":[{"@type":"CommentAction","name":"Comment","target":["https:\/\/bellasartes.edu.py\/index.php\/2024\/09\/11\/arquidiocesis\/#respond"]}]},{"@type":"WebPage","@id":"https:\/\/bellasartes.edu.py\/index.php\/2024\/09\/11\/arquidiocesis\/","url":"https:\/\/bellasartes.edu.py\/index.php\/2024\/09\/11\/arquidiocesis\/","name":"Arquidi\u00f3cesis","isPartOf":{"@id":"https:\/\/bellasartes.edu.py\/#website"},"primaryImageOfPage":{"@id":"https:\/\/bellasartes.edu.py\/index.php\/2024\/09\/11\/arquidiocesis\/#primaryimage"},"image":{"@id":"https:\/\/bellasartes.edu.py\/index.php\/2024\/09\/11\/arquidiocesis\/#primaryimage"},"thumbnailUrl":"https:\/\/bellasartes.edu.py\/wp-content\/uploads\/2024\/09\/DSC07739-scaled.jpg","datePublished":"2024-09-11T19:33:46+00:00","dateModified":"2024-09-12T01:40:12+00:00","description":"Bellas Artes y la Arquidi\u00f3cesis de Asunci\u00f3n firmaron un convenio marco de cooperaci\u00f3n interinstitucional, el mi\u00e9rcoles 11 de agosto.","breadcrumb":{"@id":"https:\/\/bellasartes.edu.py\/index.php\/2024\/09\/11\/arquidiocesis\/#breadcrumb"},"inLanguage":"es","potentialAction":[{"@type":"ReadAction","target":["https:\/\/bellasartes.edu.py\/index.php\/2024\/09\/11\/arquidiocesis\/"]}]},{"@type":"ImageObject","inLanguage":"es","@id":"https:\/\/bellasartes.edu.py\/index.php\/2024\/09\/11\/arquidiocesis\/#primaryimage","url":"https:\/\/bellasartes.edu.py\/wp-content\/uploads\/2024\/09\/DSC07739-scaled.jpg","contentUrl":"https:\/\/bellasartes.edu.py\/wp-content\/uploads\/2024\/09\/DSC07739-scaled.jpg","width":2560,"height":1439},{"@type":"BreadcrumbList","@id":"https:\/\/bellasartes.edu.py\/index.php\/2024\/09\/11\/arquidiocesis\/#breadcrumb","itemListElement":[{"@type":"ListItem","position":1,"name":"Home","item":"https:\/\/bellasartes.edu.py\/"},{"@type":"ListItem","position":2,"name":"Convenio entre la Arquidi\u00f3cesis de Asunci\u00f3n y Bellas Artes."}]},{"@type":"WebSite","@id":"https:\/\/bellasartes.edu.py\/#website","url":"https:\/\/bellasartes.edu.py\/","name":"Instituto Superior de Bellas Artes","description":"","publisher":{"@id":"https:\/\/bellasartes.edu.py\/#organization"},"potentialAction":[{"@type":"SearchAction","target":{"@type":"EntryPoint","urlTemplate":"https:\/\/bellasartes.edu.py\/?s={search_term_string}"},"query-input":{"@type":"PropertyValueSpecification","valueRequired":true,"valueName":"search_term_string"}}],"inLanguage":"es"},{"@type":"Organization","@id":"https:\/\/bellasartes.edu.py\/#organization","name":"Instituto Superior de Bellas Artes","url":"https:\/\/bellasartes.edu.py\/","logo":{"@type":"ImageObject","inLanguage":"es","@id":"https:\/\/bellasartes.edu.py\/#\/schema\/logo\/image\/","url":"https:\/\/bellasartes.edu.py\/wp-content\/uploads\/2024\/03\/cropped-imagenes-y-logos_Mesa-de-trabajo-1.png","contentUrl":"https:\/\/bellasartes.edu.py\/wp-content\/uploads\/2024\/03\/cropped-imagenes-y-logos_Mesa-de-trabajo-1.png","width":512,"height":512,"caption":"Instituto Superior de Bellas Artes"},"image":{"@id":"https:\/\/bellasartes.edu.py\/#\/schema\/logo\/image\/"},"sameAs":["https:\/\/www.facebook.com\/isbaoficial","https:\/\/www.instagram.com\/bellasartes.py\/","https:\/\/www.linkedin.com\/school\/74351323\/admin\/feed\/posts\/"]},{"@type":"Person","@id":"https:\/\/bellasartes.edu.py\/#\/schema\/person\/6243d56ea2e518f0b57594d7a454e37a","name":"comunicarte","image":{"@type":"ImageObject","inLanguage":"es","@id":"https:\/\/secure.gravatar.com\/avatar\/73b4d6769843e544de958c36b6a5ccd5fbfbe514a048340133a4d304a2f5777b?s=96&d=mm&r=g","url":"https:\/\/secure.gravatar.com\/avatar\/73b4d6769843e544de958c36b6a5ccd5fbfbe514a048340133a4d304a2f5777b?s=96&d=mm&r=g","contentUrl":"https:\/\/secure.gravatar.com\/avatar\/73b4d6769843e544de958c36b6a5ccd5fbfbe514a048340133a4d304a2f5777b?s=96&d=mm&r=g","caption":"comunicarte"},"url":"https:\/\/bellasartes.edu.py\/index.php\/author\/comunicarte\/"}]}},"jetpack_featured_media_url":"https:\/\/bellasartes.edu.py\/wp-content\/uploads\/2024\/09\/DSC07739-scaled.jpg","jetpack_sharing_enabled":true,"_links":{"self":[{"href":"https:\/\/bellasartes.edu.py\/index.php\/wp-json\/wp\/v2\/posts\/4891","targetHints":{"allow":["GET"]}}],"collection":[{"href":"https:\/\/bellasartes.edu.py\/index.php\/wp-json\/wp\/v2\/posts"}],"about":[{"href":"https:\/\/bellasartes.edu.py\/index.php\/wp-json\/wp\/v2\/types\/post"}],"author":[{"embeddable":true,"href":"https:\/\/bellasartes.edu.py\/index.php\/wp-json\/wp\/v2\/users\/3"}],"replies":[{"embeddable":true,"href":"https:\/\/bellasartes.edu.py\/index.php\/wp-json\/wp\/v2\/comments?post=4891"}],"version-history":[{"count":2,"href":"https:\/\/bellasartes.edu.py\/index.php\/wp-json\/wp\/v2\/posts\/4891\/revisions"}],"predecessor-version":[{"id":4901,"href":"https:\/\/bellasartes.edu.py\/index.php\/wp-json\/wp\/v2\/posts\/4891\/revisions\/4901"}],"wp:featuredmedia":[{"embeddable":true,"href":"https:\/\/bellasartes.edu.py\/index.php\/wp-json\/wp\/v2\/media\/4892"}],"wp:attachment":[{"href":"https:\/\/bellasartes.edu.py\/index.php\/wp-json\/wp\/v2\/media?parent=4891"}],"wp:term":[{"taxonomy":"category","embeddable":true,"href":"https:\/\/bellasartes.edu.py\/index.php\/wp-json\/wp\/v2\/categories?post=4891"},{"taxonomy":"post_tag","embeddable":true,"href":"https:\/\/bellasartes.edu.py\/index.php\/wp-json\/wp\/v2\/tags?post=4891"}],"curies":[{"name":"wp","href":"https:\/\/api.w.org\/{rel}","templated":true}]}}