{"id":4945,"date":"2024-10-07T22:01:17","date_gmt":"2024-10-07T22:01:17","guid":{"rendered":"https:\/\/bellasartes.edu.py\/?p=4945"},"modified":"2024-10-08T00:47:36","modified_gmt":"2024-10-08T00:47:36","slug":"congreso-mbae","status":"publish","type":"post","link":"https:\/\/bellasartes.edu.py\/index.php\/2024\/10\/07\/congreso-mbae\/","title":{"rendered":"Congreso Mba\u00b4e 2024 de Dise\u00f1o Gr\u00e1fico, concluye con \u00e9xito!"},"content":{"rendered":"\n<p><br>Tres d\u00edas intensos y muy fruct\u00edferos tuvo la reciente edici\u00f3n del Congreso Mba\u00b4e de Dise\u00f1o Gr\u00e1fico del Instituto Superior de Bellas Artes, del 2 al 4 de octubre, en el Instituto Cultural Paraguayo Alem\u00e1n (ICPA) con la presencia de prominentes figuras, profesionales del Dise\u00f1o Gr\u00e1ficos de nuestro medio.<\/p>\n\n\n\n<figure class=\"wp-block-gallery has-nested-images columns-default is-cropped wp-block-gallery-1 is-layout-flex wp-block-gallery-is-layout-flex\">\n<figure class=\"wp-block-image size-large\"><img loading=\"lazy\" decoding=\"async\" width=\"1024\" height=\"682\" data-id=\"4951\" src=\"https:\/\/bellasartes.edu.py\/wp-content\/uploads\/2024\/10\/WhatsApp-Image-2024-10-07-at-5.20.59-PM-1024x682.jpeg\" alt=\"\" class=\"wp-image-4951\" srcset=\"https:\/\/bellasartes.edu.py\/wp-content\/uploads\/2024\/10\/WhatsApp-Image-2024-10-07-at-5.20.59-PM-980x653.jpeg 980w, https:\/\/bellasartes.edu.py\/wp-content\/uploads\/2024\/10\/WhatsApp-Image-2024-10-07-at-5.20.59-PM-480x320.jpeg 480w\" sizes=\"auto, (min-width: 0px) and (max-width: 480px) 480px, (min-width: 481px) and (max-width: 980px) 980px, (min-width: 981px) 1024px, 100vw\" \/><\/figure>\n\n\n\n<figure class=\"wp-block-image size-large\"><img loading=\"lazy\" decoding=\"async\" width=\"1024\" height=\"683\" data-id=\"4950\" src=\"https:\/\/bellasartes.edu.py\/wp-content\/uploads\/2024\/10\/WhatsApp-Image-2024-10-07-at-5.28.07-PM-1024x683.jpeg\" alt=\"\" class=\"wp-image-4950\" srcset=\"https:\/\/bellasartes.edu.py\/wp-content\/uploads\/2024\/10\/WhatsApp-Image-2024-10-07-at-5.28.07-PM-980x653.jpeg 980w, https:\/\/bellasartes.edu.py\/wp-content\/uploads\/2024\/10\/WhatsApp-Image-2024-10-07-at-5.28.07-PM-480x320.jpeg 480w\" sizes=\"auto, (min-width: 0px) and (max-width: 480px) 480px, (min-width: 481px) and (max-width: 980px) 980px, (min-width: 981px) 1024px, 100vw\" \/><\/figure>\n<\/figure>\n\n\n\n<p>El Congreso Mba\u2019\u00e9 es siempre una oportunidad \u00fanica para estudiantes, profesionales y entusiastas del dise\u00f1o que buscan ampliar sus conocimientos y establecer redes dentro del sector creativo.<\/p>\n\n\n\n<figure class=\"wp-block-image size-large\"><img loading=\"lazy\" decoding=\"async\" width=\"1024\" height=\"683\" src=\"https:\/\/bellasartes.edu.py\/wp-content\/uploads\/2024\/10\/DSC08800_1-1024x683.jpg\" alt=\"\" class=\"wp-image-4952\" srcset=\"https:\/\/bellasartes.edu.py\/wp-content\/uploads\/2024\/10\/DSC08800_1-980x653.jpg 980w, https:\/\/bellasartes.edu.py\/wp-content\/uploads\/2024\/10\/DSC08800_1-480x320.jpg 480w\" sizes=\"auto, (min-width: 0px) and (max-width: 480px) 480px, (min-width: 481px) and (max-width: 980px) 980px, (min-width: 981px) 1024px, 100vw\" \/><\/figure>\n\n\n\n<p>El primer d\u00eda se inici\u00f3 con la presentaci\u00f3n de Rodrigo Salinas y Juan Riquelme, luego el encuentro cont\u00f3 con la participaci\u00f3n de la Red de Investigadores de Dise\u00f1o, para dar paso a Blanca Fern\u00e1ndez, adem\u00e1s de Elodie Freret con quien se dio un exitoso cierre al primer d\u00eda del evento. &nbsp;<\/p>\n\n\n\n<div class=\"wp-block-columns is-layout-flex wp-container-core-columns-is-layout-9d6595d7 wp-block-columns-is-layout-flex\">\n<div class=\"wp-block-column is-layout-flow wp-block-column-is-layout-flow\">\n<figure class=\"wp-block-embed is-type-video is-provider-youtube wp-block-embed-youtube wp-embed-aspect-16-9 wp-has-aspect-ratio\"><div class=\"wp-block-embed__wrapper\">\n<iframe loading=\"lazy\" title=\"Congreso Mba&#039;e 2024\" width=\"1080\" height=\"608\" src=\"https:\/\/www.youtube.com\/embed\/a--i-JSDd8M?feature=oembed\"  allow=\"accelerometer; autoplay; clipboard-write; encrypted-media; gyroscope; picture-in-picture; web-share\" referrerpolicy=\"strict-origin-when-cross-origin\" allowfullscreen><\/iframe>\n<\/div><figcaption class=\"wp-element-caption\">Rodrigo Salinas<\/figcaption><\/figure>\n<\/div>\n\n\n\n<div class=\"wp-block-column is-layout-flow wp-block-column-is-layout-flow\">\n<figure class=\"wp-block-embed is-type-video is-provider-youtube wp-block-embed-youtube wp-embed-aspect-16-9 wp-has-aspect-ratio\"><div class=\"wp-block-embed__wrapper\">\n<iframe loading=\"lazy\" title=\"Congreso Mba&#039;e 2024 2DA Parte\" width=\"1080\" height=\"608\" src=\"https:\/\/www.youtube.com\/embed\/J1od77yEuA0?feature=oembed\"  allow=\"accelerometer; autoplay; clipboard-write; encrypted-media; gyroscope; picture-in-picture; web-share\" referrerpolicy=\"strict-origin-when-cross-origin\" allowfullscreen><\/iframe>\n<\/div><figcaption class=\"wp-element-caption\">Juan Riquelme<\/figcaption><\/figure>\n<\/div>\n<\/div>\n\n\n\n<div class=\"wp-block-columns is-layout-flex wp-container-core-columns-is-layout-9d6595d7 wp-block-columns-is-layout-flex\">\n<div class=\"wp-block-column is-layout-flow wp-block-column-is-layout-flow\">\n<figure class=\"wp-block-embed is-type-video is-provider-youtube wp-block-embed-youtube wp-embed-aspect-16-9 wp-has-aspect-ratio\"><div class=\"wp-block-embed__wrapper\">\n<iframe loading=\"lazy\" title=\"Congreso Mba&#039;e 2024 3rA Parte\" width=\"1080\" height=\"608\" src=\"https:\/\/www.youtube.com\/embed\/cWF75cFx_5s?feature=oembed\"  allow=\"accelerometer; autoplay; clipboard-write; encrypted-media; gyroscope; picture-in-picture; web-share\" referrerpolicy=\"strict-origin-when-cross-origin\" allowfullscreen><\/iframe>\n<\/div><figcaption class=\"wp-element-caption\">Blanca Fern\u00e1ndez<\/figcaption><\/figure>\n<\/div>\n\n\n\n<div class=\"wp-block-column is-layout-flow wp-block-column-is-layout-flow\">\n<figure class=\"wp-block-embed is-type-video is-provider-youtube wp-block-embed-youtube wp-embed-aspect-16-9 wp-has-aspect-ratio\"><div class=\"wp-block-embed__wrapper\">\n<iframe loading=\"lazy\" title=\"Congreso Mba&#039;e 2024 4tA Parte\" width=\"1080\" height=\"608\" src=\"https:\/\/www.youtube.com\/embed\/gpVe3wuS5rk?feature=oembed\"  allow=\"accelerometer; autoplay; clipboard-write; encrypted-media; gyroscope; picture-in-picture; web-share\" referrerpolicy=\"strict-origin-when-cross-origin\" allowfullscreen><\/iframe>\n<\/div><figcaption class=\"wp-element-caption\">Elodie Freret<\/figcaption><\/figure>\n<\/div>\n<\/div>\n\n\n\n<p>El segundo d\u00eda del Congreso cont\u00f3 con las disertaciones de Benjam\u00edn Cabrera, Valeria Teme, Diego Florent\u00edn e Iv\u00e1n N\u00fa\u00f1ez con una excelente participaci\u00f3n del p\u00fablico.<\/p>\n\n\n\n<div class=\"wp-block-columns is-layout-flex wp-container-core-columns-is-layout-9d6595d7 wp-block-columns-is-layout-flex\">\n<div class=\"wp-block-column is-layout-flow wp-block-column-is-layout-flow\">\n<figure class=\"wp-block-embed is-type-video is-provider-youtube wp-block-embed-youtube wp-embed-aspect-16-9 wp-has-aspect-ratio\"><div class=\"wp-block-embed__wrapper\">\n<iframe loading=\"lazy\" title=\"Congreso Mba&#039;e 2024 2do D\u00eda\" width=\"1080\" height=\"608\" src=\"https:\/\/www.youtube.com\/embed\/WTv5jiW2ukM?feature=oembed\"  allow=\"accelerometer; autoplay; clipboard-write; encrypted-media; gyroscope; picture-in-picture; web-share\" referrerpolicy=\"strict-origin-when-cross-origin\" allowfullscreen><\/iframe>\n<\/div><figcaption class=\"wp-element-caption\">Benjam\u00edn Cabrera<\/figcaption><\/figure>\n<\/div>\n\n\n\n<div class=\"wp-block-column is-layout-flow wp-block-column-is-layout-flow\">\n<figure class=\"wp-block-embed is-type-video is-provider-youtube wp-block-embed-youtube wp-embed-aspect-16-9 wp-has-aspect-ratio\"><div class=\"wp-block-embed__wrapper\">\n<iframe loading=\"lazy\" title=\"Congreso Mba&#039;e 2024 2do D\u00eda Valeria Teme\" width=\"1080\" height=\"608\" src=\"https:\/\/www.youtube.com\/embed\/mSIfb2lVnBA?feature=oembed\"  allow=\"accelerometer; autoplay; clipboard-write; encrypted-media; gyroscope; picture-in-picture; web-share\" referrerpolicy=\"strict-origin-when-cross-origin\" allowfullscreen><\/iframe>\n<\/div><figcaption class=\"wp-element-caption\">Valeria Teme<\/figcaption><\/figure>\n<\/div>\n<\/div>\n\n\n\n<div class=\"wp-block-columns is-layout-flex wp-container-core-columns-is-layout-9d6595d7 wp-block-columns-is-layout-flex\">\n<div class=\"wp-block-column is-layout-flow wp-block-column-is-layout-flow\">\n<figure class=\"wp-block-embed is-type-video is-provider-youtube wp-block-embed-youtube wp-embed-aspect-16-9 wp-has-aspect-ratio\"><div class=\"wp-block-embed__wrapper\">\n<iframe loading=\"lazy\" title=\"Congreso Mba&#039;e 2024 2do D\u00eda Diego Florentin\" width=\"1080\" height=\"608\" src=\"https:\/\/www.youtube.com\/embed\/RL_z4foF04c?feature=oembed\"  allow=\"accelerometer; autoplay; clipboard-write; encrypted-media; gyroscope; picture-in-picture; web-share\" referrerpolicy=\"strict-origin-when-cross-origin\" allowfullscreen><\/iframe>\n<\/div><figcaption class=\"wp-element-caption\">Diego Florent\u00edn <\/figcaption><\/figure>\n<\/div>\n\n\n\n<div class=\"wp-block-column is-layout-flow wp-block-column-is-layout-flow\">\n<figure class=\"wp-block-embed is-type-video is-provider-youtube wp-block-embed-youtube wp-embed-aspect-16-9 wp-has-aspect-ratio\"><div class=\"wp-block-embed__wrapper\">\n<iframe loading=\"lazy\" title=\"Congreso Mba&#039;e 2024 2do D\u00eda Ivan Nu\u00f1ez\" width=\"1080\" height=\"608\" src=\"https:\/\/www.youtube.com\/embed\/2FNBPbs4LfE?feature=oembed\"  allow=\"accelerometer; autoplay; clipboard-write; encrypted-media; gyroscope; picture-in-picture; web-share\" referrerpolicy=\"strict-origin-when-cross-origin\" allowfullscreen><\/iframe>\n<\/div><figcaption class=\"wp-element-caption\">Iv\u00e1n N\u00fa\u00f1ez<\/figcaption><\/figure>\n<\/div>\n<\/div>\n\n\n\n<p>El tercer d\u00eda y \u00faltimo d\u00eda del encuentro, cerr\u00f3 con la participaci\u00f3n de Mart\u00edn Cabrera, Macarena Mart\u00ednez, Gonzalo G\u00f3mez y Danna R\u00edos.<\/p>\n\n\n\n<div class=\"wp-block-columns is-layout-flex wp-container-core-columns-is-layout-9d6595d7 wp-block-columns-is-layout-flex\">\n<div class=\"wp-block-column is-layout-flow wp-block-column-is-layout-flow\">\n<figure class=\"wp-block-embed is-type-video is-provider-youtube wp-block-embed-youtube wp-embed-aspect-16-9 wp-has-aspect-ratio\"><div class=\"wp-block-embed__wrapper\">\n<iframe loading=\"lazy\" title=\"Congreso Mba&#039;e 2024 3er D\u00eda Mart\u00edn Cabrera\" width=\"1080\" height=\"608\" src=\"https:\/\/www.youtube.com\/embed\/Fm9-ypMPiYU?feature=oembed\"  allow=\"accelerometer; autoplay; clipboard-write; encrypted-media; gyroscope; picture-in-picture; web-share\" referrerpolicy=\"strict-origin-when-cross-origin\" allowfullscreen><\/iframe>\n<\/div><figcaption class=\"wp-element-caption\">Mart\u00edn Cabrera<\/figcaption><\/figure>\n<\/div>\n\n\n\n<div class=\"wp-block-column is-layout-flow wp-block-column-is-layout-flow\">\n<figure class=\"wp-block-embed is-type-video is-provider-youtube wp-block-embed-youtube wp-embed-aspect-16-9 wp-has-aspect-ratio\"><div class=\"wp-block-embed__wrapper\">\n<iframe loading=\"lazy\" title=\"Congreso Mba&#039;e 2024 3er D\u00eda Macarena Martinez\" width=\"1080\" height=\"608\" src=\"https:\/\/www.youtube.com\/embed\/qgKvcfP4Tsg?feature=oembed\"  allow=\"accelerometer; autoplay; clipboard-write; encrypted-media; gyroscope; picture-in-picture; web-share\" referrerpolicy=\"strict-origin-when-cross-origin\" allowfullscreen><\/iframe>\n<\/div><figcaption class=\"wp-element-caption\">Macarena Mart\u00ednez<\/figcaption><\/figure>\n<\/div>\n<\/div>\n\n\n\n<div class=\"wp-block-columns is-layout-flex wp-container-core-columns-is-layout-9d6595d7 wp-block-columns-is-layout-flex\">\n<div class=\"wp-block-column is-layout-flow wp-block-column-is-layout-flow\">\n<figure class=\"wp-block-embed is-type-video is-provider-youtube wp-block-embed-youtube wp-embed-aspect-16-9 wp-has-aspect-ratio\"><div class=\"wp-block-embed__wrapper\">\n<iframe loading=\"lazy\" title=\"Congreso Mba&#039;e 2024 3er D\u00eda Abog. Gonzalo G\u00f3mez\" width=\"1080\" height=\"608\" src=\"https:\/\/www.youtube.com\/embed\/tI6RSGVDUpg?feature=oembed\"  allow=\"accelerometer; autoplay; clipboard-write; encrypted-media; gyroscope; picture-in-picture; web-share\" referrerpolicy=\"strict-origin-when-cross-origin\" allowfullscreen><\/iframe>\n<\/div><figcaption class=\"wp-element-caption\">Gonzalo G\u00f3mez<\/figcaption><\/figure>\n<\/div>\n\n\n\n<div class=\"wp-block-column is-layout-flow wp-block-column-is-layout-flow\">\n<figure class=\"wp-block-embed is-type-video is-provider-youtube wp-block-embed-youtube wp-embed-aspect-16-9 wp-has-aspect-ratio\"><div class=\"wp-block-embed__wrapper\">\n<iframe loading=\"lazy\" title=\"Congreso Mba&#039;e 2024 3er D\u00eda Danna Rios\" width=\"1080\" height=\"608\" src=\"https:\/\/www.youtube.com\/embed\/XZrjDAj3Gnw?feature=oembed\"  allow=\"accelerometer; autoplay; clipboard-write; encrypted-media; gyroscope; picture-in-picture; web-share\" referrerpolicy=\"strict-origin-when-cross-origin\" allowfullscreen><\/iframe>\n<\/div><figcaption class=\"wp-element-caption\">Danna R\u00edos<\/figcaption><\/figure>\n<\/div>\n<\/div>\n\n\n\n<p>El Congreso tuvo tambi\u00e9n algunos talleres que estuvieron a cargo de: Claudia D\u00edaz, Leonardo Cabrera, Osmar Orue, Evelia Da Silva, Armando Zald\u00edvar y Emilio Feltes a lo largo de los 3 d\u00edas del evento.<\/p>\n\n\n\n<p>Un a\u00f1o m\u00e1s del Congreso Maba\u00b4e de Dise\u00f1o en Bellas Artes concluy\u00f3 el pasado viernes 4 de octubre dando un paso adelante en el proceso del fortalecimiento del \u00e1mbito del Dise\u00f1o Gr\u00e1fico en Paraguay y generando un espacio propicio para profesionales del \u00e1rea, que les permita intercambiar ideas y experiencias entre s\u00ed y entre estudiantes de la carrera.&nbsp;<\/p>\n\n\n\n<p>Segu\u00ed nuestro canal de <a href=\"https:\/\/www.youtube.com\/@bellasartes.paraguay\">Youtube. <\/a><\/p>\n","protected":false},"excerpt":{"rendered":"<p>Tres d\u00edas intensos y muy fruct\u00edferos tuvo la reciente edici\u00f3n del Congreso Mba\u00b4e de Dise\u00f1o Gr\u00e1fico del Instituto Superior de Bellas Artes, del 2 al 4 de octubre, en el Instituto Cultural Paraguayo Alem\u00e1n (ICPA) con la presencia de prominentes figuras, profesionales del Dise\u00f1o Gr\u00e1ficos de nuestro medio. El Congreso Mba\u2019\u00e9 es siempre una oportunidad [&hellip;]<\/p>\n","protected":false},"author":3,"featured_media":4949,"comment_status":"open","ping_status":"open","sticky":false,"template":"","format":"standard","meta":{"_et_pb_use_builder":"off","_et_pb_old_content":"","_et_gb_content_width":"","inline_featured_image":false,"fifu_image_url":"","fifu_image_alt":"","_jetpack_memberships_contains_paid_content":false,"footnotes":""},"categories":[3],"tags":[],"class_list":["post-4945","post","type-post","status-publish","format-standard","has-post-thumbnail","hentry","category-noticias"],"yoast_head":"<!-- This site is optimized with the Yoast SEO plugin v27.5 - https:\/\/yoast.com\/product\/yoast-seo-wordpress\/ -->\n<title>Congreso Mba\u00b4e<\/title>\n<meta name=\"description\" content=\"Congreso Mba\u00b4e de Dise\u00f1o Gr\u00e1fico del Instituto Superior de Bellas Artes, del 2 al 4 de octubre.\" \/>\n<meta name=\"robots\" content=\"index, follow, max-snippet:-1, max-image-preview:large, max-video-preview:-1\" \/>\n<link rel=\"canonical\" href=\"https:\/\/bellasartes.edu.py\/index.php\/2024\/10\/07\/congreso-mbae\/\" \/>\n<meta property=\"og:locale\" content=\"es_ES\" \/>\n<meta property=\"og:type\" content=\"article\" \/>\n<meta property=\"og:title\" content=\"Congreso Mba\u00b4e\" \/>\n<meta property=\"og:description\" content=\"Congreso Mba\u00b4e de Dise\u00f1o Gr\u00e1fico del Instituto Superior de Bellas Artes, del 2 al 4 de octubre.\" \/>\n<meta property=\"og:url\" content=\"https:\/\/bellasartes.edu.py\/index.php\/2024\/10\/07\/congreso-mbae\/\" \/>\n<meta property=\"og:site_name\" content=\"Instituto Superior de Bellas Artes\" \/>\n<meta property=\"article:publisher\" content=\"https:\/\/www.facebook.com\/isbaoficial\" \/>\n<meta property=\"article:published_time\" content=\"2024-10-07T22:01:17+00:00\" \/>\n<meta property=\"article:modified_time\" content=\"2024-10-08T00:47:36+00:00\" \/>\n<meta property=\"og:image\" content=\"http:\/\/bellasartes.edu.py\/wp-content\/uploads\/2024\/10\/WhatsApp-Image-2024-10-07-at-5.21.00-PM.jpeg\" \/>\n\t<meta property=\"og:image:width\" content=\"1600\" \/>\n\t<meta property=\"og:image:height\" content=\"1066\" \/>\n\t<meta property=\"og:image:type\" content=\"image\/jpeg\" \/>\n<meta name=\"author\" content=\"comunicarte\" \/>\n<meta name=\"twitter:card\" content=\"summary_large_image\" \/>\n<meta name=\"twitter:label1\" content=\"Escrito por\" \/>\n\t<meta name=\"twitter:data1\" content=\"comunicarte\" \/>\n\t<meta name=\"twitter:label2\" content=\"Tiempo de lectura\" \/>\n\t<meta name=\"twitter:data2\" content=\"2 minutos\" \/>\n<script type=\"application\/ld+json\" class=\"yoast-schema-graph\">{\"@context\":\"https:\\\/\\\/schema.org\",\"@graph\":[{\"@type\":\"Article\",\"@id\":\"https:\\\/\\\/bellasartes.edu.py\\\/index.php\\\/2024\\\/10\\\/07\\\/congreso-mbae\\\/#article\",\"isPartOf\":{\"@id\":\"https:\\\/\\\/bellasartes.edu.py\\\/index.php\\\/2024\\\/10\\\/07\\\/congreso-mbae\\\/\"},\"author\":{\"name\":\"comunicarte\",\"@id\":\"https:\\\/\\\/bellasartes.edu.py\\\/#\\\/schema\\\/person\\\/6243d56ea2e518f0b57594d7a454e37a\"},\"headline\":\"Congreso Mba\u00b4e 2024 de Dise\u00f1o Gr\u00e1fico, concluye con \u00e9xito!\",\"datePublished\":\"2024-10-07T22:01:17+00:00\",\"dateModified\":\"2024-10-08T00:47:36+00:00\",\"mainEntityOfPage\":{\"@id\":\"https:\\\/\\\/bellasartes.edu.py\\\/index.php\\\/2024\\\/10\\\/07\\\/congreso-mbae\\\/\"},\"wordCount\":454,\"commentCount\":0,\"publisher\":{\"@id\":\"https:\\\/\\\/bellasartes.edu.py\\\/#organization\"},\"image\":{\"@id\":\"https:\\\/\\\/bellasartes.edu.py\\\/index.php\\\/2024\\\/10\\\/07\\\/congreso-mbae\\\/#primaryimage\"},\"thumbnailUrl\":\"https:\\\/\\\/bellasartes.edu.py\\\/wp-content\\\/uploads\\\/2024\\\/10\\\/WhatsApp-Image-2024-10-07-at-5.21.00-PM.jpeg\",\"articleSection\":[\"Noticias\"],\"inLanguage\":\"es\",\"potentialAction\":[{\"@type\":\"CommentAction\",\"name\":\"Comment\",\"target\":[\"https:\\\/\\\/bellasartes.edu.py\\\/index.php\\\/2024\\\/10\\\/07\\\/congreso-mbae\\\/#respond\"]}]},{\"@type\":\"WebPage\",\"@id\":\"https:\\\/\\\/bellasartes.edu.py\\\/index.php\\\/2024\\\/10\\\/07\\\/congreso-mbae\\\/\",\"url\":\"https:\\\/\\\/bellasartes.edu.py\\\/index.php\\\/2024\\\/10\\\/07\\\/congreso-mbae\\\/\",\"name\":\"Congreso Mba\u00b4e\",\"isPartOf\":{\"@id\":\"https:\\\/\\\/bellasartes.edu.py\\\/#website\"},\"primaryImageOfPage\":{\"@id\":\"https:\\\/\\\/bellasartes.edu.py\\\/index.php\\\/2024\\\/10\\\/07\\\/congreso-mbae\\\/#primaryimage\"},\"image\":{\"@id\":\"https:\\\/\\\/bellasartes.edu.py\\\/index.php\\\/2024\\\/10\\\/07\\\/congreso-mbae\\\/#primaryimage\"},\"thumbnailUrl\":\"https:\\\/\\\/bellasartes.edu.py\\\/wp-content\\\/uploads\\\/2024\\\/10\\\/WhatsApp-Image-2024-10-07-at-5.21.00-PM.jpeg\",\"datePublished\":\"2024-10-07T22:01:17+00:00\",\"dateModified\":\"2024-10-08T00:47:36+00:00\",\"description\":\"Congreso Mba\u00b4e de Dise\u00f1o Gr\u00e1fico del Instituto Superior de Bellas Artes, del 2 al 4 de octubre.\",\"breadcrumb\":{\"@id\":\"https:\\\/\\\/bellasartes.edu.py\\\/index.php\\\/2024\\\/10\\\/07\\\/congreso-mbae\\\/#breadcrumb\"},\"inLanguage\":\"es\",\"potentialAction\":[{\"@type\":\"ReadAction\",\"target\":[\"https:\\\/\\\/bellasartes.edu.py\\\/index.php\\\/2024\\\/10\\\/07\\\/congreso-mbae\\\/\"]}]},{\"@type\":\"ImageObject\",\"inLanguage\":\"es\",\"@id\":\"https:\\\/\\\/bellasartes.edu.py\\\/index.php\\\/2024\\\/10\\\/07\\\/congreso-mbae\\\/#primaryimage\",\"url\":\"https:\\\/\\\/bellasartes.edu.py\\\/wp-content\\\/uploads\\\/2024\\\/10\\\/WhatsApp-Image-2024-10-07-at-5.21.00-PM.jpeg\",\"contentUrl\":\"https:\\\/\\\/bellasartes.edu.py\\\/wp-content\\\/uploads\\\/2024\\\/10\\\/WhatsApp-Image-2024-10-07-at-5.21.00-PM.jpeg\",\"width\":1600,\"height\":1066},{\"@type\":\"BreadcrumbList\",\"@id\":\"https:\\\/\\\/bellasartes.edu.py\\\/index.php\\\/2024\\\/10\\\/07\\\/congreso-mbae\\\/#breadcrumb\",\"itemListElement\":[{\"@type\":\"ListItem\",\"position\":1,\"name\":\"Home\",\"item\":\"https:\\\/\\\/bellasartes.edu.py\\\/\"},{\"@type\":\"ListItem\",\"position\":2,\"name\":\"Congreso Mba\u00b4e 2024 de Dise\u00f1o Gr\u00e1fico, concluye con \u00e9xito!\"}]},{\"@type\":\"WebSite\",\"@id\":\"https:\\\/\\\/bellasartes.edu.py\\\/#website\",\"url\":\"https:\\\/\\\/bellasartes.edu.py\\\/\",\"name\":\"Instituto Superior de Bellas Artes\",\"description\":\"\",\"publisher\":{\"@id\":\"https:\\\/\\\/bellasartes.edu.py\\\/#organization\"},\"potentialAction\":[{\"@type\":\"SearchAction\",\"target\":{\"@type\":\"EntryPoint\",\"urlTemplate\":\"https:\\\/\\\/bellasartes.edu.py\\\/?s={search_term_string}\"},\"query-input\":{\"@type\":\"PropertyValueSpecification\",\"valueRequired\":true,\"valueName\":\"search_term_string\"}}],\"inLanguage\":\"es\"},{\"@type\":\"Organization\",\"@id\":\"https:\\\/\\\/bellasartes.edu.py\\\/#organization\",\"name\":\"Instituto Superior de Bellas Artes\",\"url\":\"https:\\\/\\\/bellasartes.edu.py\\\/\",\"logo\":{\"@type\":\"ImageObject\",\"inLanguage\":\"es\",\"@id\":\"https:\\\/\\\/bellasartes.edu.py\\\/#\\\/schema\\\/logo\\\/image\\\/\",\"url\":\"https:\\\/\\\/bellasartes.edu.py\\\/wp-content\\\/uploads\\\/2024\\\/03\\\/cropped-imagenes-y-logos_Mesa-de-trabajo-1.png\",\"contentUrl\":\"https:\\\/\\\/bellasartes.edu.py\\\/wp-content\\\/uploads\\\/2024\\\/03\\\/cropped-imagenes-y-logos_Mesa-de-trabajo-1.png\",\"width\":512,\"height\":512,\"caption\":\"Instituto Superior de Bellas Artes\"},\"image\":{\"@id\":\"https:\\\/\\\/bellasartes.edu.py\\\/#\\\/schema\\\/logo\\\/image\\\/\"},\"sameAs\":[\"https:\\\/\\\/www.facebook.com\\\/isbaoficial\",\"https:\\\/\\\/www.instagram.com\\\/bellasartes.py\\\/\",\"https:\\\/\\\/www.linkedin.com\\\/school\\\/74351323\\\/admin\\\/feed\\\/posts\\\/\"]},{\"@type\":\"Person\",\"@id\":\"https:\\\/\\\/bellasartes.edu.py\\\/#\\\/schema\\\/person\\\/6243d56ea2e518f0b57594d7a454e37a\",\"name\":\"comunicarte\",\"image\":{\"@type\":\"ImageObject\",\"inLanguage\":\"es\",\"@id\":\"https:\\\/\\\/secure.gravatar.com\\\/avatar\\\/73b4d6769843e544de958c36b6a5ccd5fbfbe514a048340133a4d304a2f5777b?s=96&d=mm&r=g\",\"url\":\"https:\\\/\\\/secure.gravatar.com\\\/avatar\\\/73b4d6769843e544de958c36b6a5ccd5fbfbe514a048340133a4d304a2f5777b?s=96&d=mm&r=g\",\"contentUrl\":\"https:\\\/\\\/secure.gravatar.com\\\/avatar\\\/73b4d6769843e544de958c36b6a5ccd5fbfbe514a048340133a4d304a2f5777b?s=96&d=mm&r=g\",\"caption\":\"comunicarte\"},\"url\":\"https:\\\/\\\/bellasartes.edu.py\\\/index.php\\\/author\\\/comunicarte\\\/\"}]}<\/script>\n<!-- \/ Yoast SEO plugin. -->","yoast_head_json":{"title":"Congreso Mba\u00b4e","description":"Congreso Mba\u00b4e de Dise\u00f1o Gr\u00e1fico del Instituto Superior de Bellas Artes, del 2 al 4 de octubre.","robots":{"index":"index","follow":"follow","max-snippet":"max-snippet:-1","max-image-preview":"max-image-preview:large","max-video-preview":"max-video-preview:-1"},"canonical":"https:\/\/bellasartes.edu.py\/index.php\/2024\/10\/07\/congreso-mbae\/","og_locale":"es_ES","og_type":"article","og_title":"Congreso Mba\u00b4e","og_description":"Congreso Mba\u00b4e de Dise\u00f1o Gr\u00e1fico del Instituto Superior de Bellas Artes, del 2 al 4 de octubre.","og_url":"https:\/\/bellasartes.edu.py\/index.php\/2024\/10\/07\/congreso-mbae\/","og_site_name":"Instituto Superior de Bellas Artes","article_publisher":"https:\/\/www.facebook.com\/isbaoficial","article_published_time":"2024-10-07T22:01:17+00:00","article_modified_time":"2024-10-08T00:47:36+00:00","og_image":[{"width":1600,"height":1066,"url":"http:\/\/bellasartes.edu.py\/wp-content\/uploads\/2024\/10\/WhatsApp-Image-2024-10-07-at-5.21.00-PM.jpeg","type":"image\/jpeg"}],"author":"comunicarte","twitter_card":"summary_large_image","twitter_misc":{"Escrito por":"comunicarte","Tiempo de lectura":"2 minutos"},"schema":{"@context":"https:\/\/schema.org","@graph":[{"@type":"Article","@id":"https:\/\/bellasartes.edu.py\/index.php\/2024\/10\/07\/congreso-mbae\/#article","isPartOf":{"@id":"https:\/\/bellasartes.edu.py\/index.php\/2024\/10\/07\/congreso-mbae\/"},"author":{"name":"comunicarte","@id":"https:\/\/bellasartes.edu.py\/#\/schema\/person\/6243d56ea2e518f0b57594d7a454e37a"},"headline":"Congreso Mba\u00b4e 2024 de Dise\u00f1o Gr\u00e1fico, concluye con \u00e9xito!","datePublished":"2024-10-07T22:01:17+00:00","dateModified":"2024-10-08T00:47:36+00:00","mainEntityOfPage":{"@id":"https:\/\/bellasartes.edu.py\/index.php\/2024\/10\/07\/congreso-mbae\/"},"wordCount":454,"commentCount":0,"publisher":{"@id":"https:\/\/bellasartes.edu.py\/#organization"},"image":{"@id":"https:\/\/bellasartes.edu.py\/index.php\/2024\/10\/07\/congreso-mbae\/#primaryimage"},"thumbnailUrl":"https:\/\/bellasartes.edu.py\/wp-content\/uploads\/2024\/10\/WhatsApp-Image-2024-10-07-at-5.21.00-PM.jpeg","articleSection":["Noticias"],"inLanguage":"es","potentialAction":[{"@type":"CommentAction","name":"Comment","target":["https:\/\/bellasartes.edu.py\/index.php\/2024\/10\/07\/congreso-mbae\/#respond"]}]},{"@type":"WebPage","@id":"https:\/\/bellasartes.edu.py\/index.php\/2024\/10\/07\/congreso-mbae\/","url":"https:\/\/bellasartes.edu.py\/index.php\/2024\/10\/07\/congreso-mbae\/","name":"Congreso Mba\u00b4e","isPartOf":{"@id":"https:\/\/bellasartes.edu.py\/#website"},"primaryImageOfPage":{"@id":"https:\/\/bellasartes.edu.py\/index.php\/2024\/10\/07\/congreso-mbae\/#primaryimage"},"image":{"@id":"https:\/\/bellasartes.edu.py\/index.php\/2024\/10\/07\/congreso-mbae\/#primaryimage"},"thumbnailUrl":"https:\/\/bellasartes.edu.py\/wp-content\/uploads\/2024\/10\/WhatsApp-Image-2024-10-07-at-5.21.00-PM.jpeg","datePublished":"2024-10-07T22:01:17+00:00","dateModified":"2024-10-08T00:47:36+00:00","description":"Congreso Mba\u00b4e de Dise\u00f1o Gr\u00e1fico del Instituto Superior de Bellas Artes, del 2 al 4 de octubre.","breadcrumb":{"@id":"https:\/\/bellasartes.edu.py\/index.php\/2024\/10\/07\/congreso-mbae\/#breadcrumb"},"inLanguage":"es","potentialAction":[{"@type":"ReadAction","target":["https:\/\/bellasartes.edu.py\/index.php\/2024\/10\/07\/congreso-mbae\/"]}]},{"@type":"ImageObject","inLanguage":"es","@id":"https:\/\/bellasartes.edu.py\/index.php\/2024\/10\/07\/congreso-mbae\/#primaryimage","url":"https:\/\/bellasartes.edu.py\/wp-content\/uploads\/2024\/10\/WhatsApp-Image-2024-10-07-at-5.21.00-PM.jpeg","contentUrl":"https:\/\/bellasartes.edu.py\/wp-content\/uploads\/2024\/10\/WhatsApp-Image-2024-10-07-at-5.21.00-PM.jpeg","width":1600,"height":1066},{"@type":"BreadcrumbList","@id":"https:\/\/bellasartes.edu.py\/index.php\/2024\/10\/07\/congreso-mbae\/#breadcrumb","itemListElement":[{"@type":"ListItem","position":1,"name":"Home","item":"https:\/\/bellasartes.edu.py\/"},{"@type":"ListItem","position":2,"name":"Congreso Mba\u00b4e 2024 de Dise\u00f1o Gr\u00e1fico, concluye con \u00e9xito!"}]},{"@type":"WebSite","@id":"https:\/\/bellasartes.edu.py\/#website","url":"https:\/\/bellasartes.edu.py\/","name":"Instituto Superior de Bellas Artes","description":"","publisher":{"@id":"https:\/\/bellasartes.edu.py\/#organization"},"potentialAction":[{"@type":"SearchAction","target":{"@type":"EntryPoint","urlTemplate":"https:\/\/bellasartes.edu.py\/?s={search_term_string}"},"query-input":{"@type":"PropertyValueSpecification","valueRequired":true,"valueName":"search_term_string"}}],"inLanguage":"es"},{"@type":"Organization","@id":"https:\/\/bellasartes.edu.py\/#organization","name":"Instituto Superior de Bellas Artes","url":"https:\/\/bellasartes.edu.py\/","logo":{"@type":"ImageObject","inLanguage":"es","@id":"https:\/\/bellasartes.edu.py\/#\/schema\/logo\/image\/","url":"https:\/\/bellasartes.edu.py\/wp-content\/uploads\/2024\/03\/cropped-imagenes-y-logos_Mesa-de-trabajo-1.png","contentUrl":"https:\/\/bellasartes.edu.py\/wp-content\/uploads\/2024\/03\/cropped-imagenes-y-logos_Mesa-de-trabajo-1.png","width":512,"height":512,"caption":"Instituto Superior de Bellas Artes"},"image":{"@id":"https:\/\/bellasartes.edu.py\/#\/schema\/logo\/image\/"},"sameAs":["https:\/\/www.facebook.com\/isbaoficial","https:\/\/www.instagram.com\/bellasartes.py\/","https:\/\/www.linkedin.com\/school\/74351323\/admin\/feed\/posts\/"]},{"@type":"Person","@id":"https:\/\/bellasartes.edu.py\/#\/schema\/person\/6243d56ea2e518f0b57594d7a454e37a","name":"comunicarte","image":{"@type":"ImageObject","inLanguage":"es","@id":"https:\/\/secure.gravatar.com\/avatar\/73b4d6769843e544de958c36b6a5ccd5fbfbe514a048340133a4d304a2f5777b?s=96&d=mm&r=g","url":"https:\/\/secure.gravatar.com\/avatar\/73b4d6769843e544de958c36b6a5ccd5fbfbe514a048340133a4d304a2f5777b?s=96&d=mm&r=g","contentUrl":"https:\/\/secure.gravatar.com\/avatar\/73b4d6769843e544de958c36b6a5ccd5fbfbe514a048340133a4d304a2f5777b?s=96&d=mm&r=g","caption":"comunicarte"},"url":"https:\/\/bellasartes.edu.py\/index.php\/author\/comunicarte\/"}]}},"jetpack_featured_media_url":"https:\/\/bellasartes.edu.py\/wp-content\/uploads\/2024\/10\/WhatsApp-Image-2024-10-07-at-5.21.00-PM.jpeg","jetpack_sharing_enabled":true,"_links":{"self":[{"href":"https:\/\/bellasartes.edu.py\/index.php\/wp-json\/wp\/v2\/posts\/4945","targetHints":{"allow":["GET"]}}],"collection":[{"href":"https:\/\/bellasartes.edu.py\/index.php\/wp-json\/wp\/v2\/posts"}],"about":[{"href":"https:\/\/bellasartes.edu.py\/index.php\/wp-json\/wp\/v2\/types\/post"}],"author":[{"embeddable":true,"href":"https:\/\/bellasartes.edu.py\/index.php\/wp-json\/wp\/v2\/users\/3"}],"replies":[{"embeddable":true,"href":"https:\/\/bellasartes.edu.py\/index.php\/wp-json\/wp\/v2\/comments?post=4945"}],"version-history":[{"count":4,"href":"https:\/\/bellasartes.edu.py\/index.php\/wp-json\/wp\/v2\/posts\/4945\/revisions"}],"predecessor-version":[{"id":4954,"href":"https:\/\/bellasartes.edu.py\/index.php\/wp-json\/wp\/v2\/posts\/4945\/revisions\/4954"}],"wp:featuredmedia":[{"embeddable":true,"href":"https:\/\/bellasartes.edu.py\/index.php\/wp-json\/wp\/v2\/media\/4949"}],"wp:attachment":[{"href":"https:\/\/bellasartes.edu.py\/index.php\/wp-json\/wp\/v2\/media?parent=4945"}],"wp:term":[{"taxonomy":"category","embeddable":true,"href":"https:\/\/bellasartes.edu.py\/index.php\/wp-json\/wp\/v2\/categories?post=4945"},{"taxonomy":"post_tag","embeddable":true,"href":"https:\/\/bellasartes.edu.py\/index.php\/wp-json\/wp\/v2\/tags?post=4945"}],"curies":[{"name":"wp","href":"https:\/\/api.w.org\/{rel}","templated":true}]}}