{"id":4962,"date":"2024-10-10T22:12:53","date_gmt":"2024-10-10T22:12:53","guid":{"rendered":"https:\/\/bellasartes.edu.py\/?p=4962"},"modified":"2024-10-10T22:12:55","modified_gmt":"2024-10-10T22:12:55","slug":"cones","status":"publish","type":"post","link":"https:\/\/bellasartes.edu.py\/index.php\/2024\/10\/10\/cones\/","title":{"rendered":"CONES visita Bellas Artes"},"content":{"rendered":"\n<p>En la ma\u00f1ana del mi\u00e9rcoles 9 de octubre, el Director General del Instituto Superior de Bellas Artes, Mgtr. Osvaldo Olivera, recibi\u00f3 al Ing. Gerardo Jara del CONES, en una mesa de trabajo conformada por la Directora Acad\u00e9mica. Lic. Dora N\u00fa\u00f1ez de Ram\u00edrez y los respectivas Coordinaciones de \u00a0carreras del ISBA, la Directora de Asesor\u00eda Jur\u00eddica, Abg. Estela Kobs, \u00a0la Direcci\u00f3n de Investigaci\u00f3n y Postgrado, representada por la Prof. Mar\u00eda Antonia Rojas y la Asesora de Gesti\u00f3n Institucional, Mgtr. Carolina Dalles, para seguir avanzado en los procesos de actualizaci\u00f3n de las mallas curriculares, a fin de lograr en la brevedad, la conclusi\u00f3n de los trabajos que se vienen realizando.<\/p>\n\n\n\n<figure class=\"wp-block-gallery has-nested-images columns-default is-cropped wp-block-gallery-1 is-layout-flex wp-block-gallery-is-layout-flex\">\n<figure class=\"wp-block-image size-large\"><img loading=\"lazy\" decoding=\"async\" width=\"1024\" height=\"768\" data-id=\"4964\" src=\"https:\/\/bellasartes.edu.py\/wp-content\/uploads\/2024\/10\/20241009_102926-1024x768.jpg\" alt=\"\" class=\"wp-image-4964\" srcset=\"https:\/\/bellasartes.edu.py\/wp-content\/uploads\/2024\/10\/20241009_102926-980x735.jpg 980w, https:\/\/bellasartes.edu.py\/wp-content\/uploads\/2024\/10\/20241009_102926-480x360.jpg 480w\" sizes=\"auto, (min-width: 0px) and (max-width: 480px) 480px, (min-width: 481px) and (max-width: 980px) 980px, (min-width: 981px) 1024px, 100vw\" \/><\/figure>\n\n\n\n<figure class=\"wp-block-image size-large\"><img loading=\"lazy\" decoding=\"async\" width=\"1024\" height=\"768\" data-id=\"4965\" src=\"https:\/\/bellasartes.edu.py\/wp-content\/uploads\/2024\/10\/20241009_103118-1024x768.jpg\" alt=\"\" class=\"wp-image-4965\" srcset=\"https:\/\/bellasartes.edu.py\/wp-content\/uploads\/2024\/10\/20241009_103118-980x735.jpg 980w, https:\/\/bellasartes.edu.py\/wp-content\/uploads\/2024\/10\/20241009_103118-480x360.jpg 480w\" sizes=\"auto, (min-width: 0px) and (max-width: 480px) 480px, (min-width: 481px) and (max-width: 980px) 980px, (min-width: 981px) 1024px, 100vw\" \/><\/figure>\n<\/figure>\n\n\n\n<p>Bellas Artes se encuentra trabajando en el proceso de actualizaci\u00f3n de sus cinco carreras de licenciatura: Artes Visuales, M\u00fasica, Danza, Teatro y Dise\u00f1o Gr\u00e1fico, conforme a los requisitos y criterios del Consejo Nacional de Educaci\u00f3n Superior\u00a0(CONES), para proyectos curriculares de carreras de grado y programas de postgrado. Esto es, correspondiente a toda adaptaci\u00f3n y modificaci\u00f3n de contenidos que incorporen nuevos criterios, t\u00e9cnicas y conocimiento adecuados a las normativas vigentes y\/o los avances cient\u00edficos y tecnol\u00f3gicos de la ense\u00f1anza.<\/p>\n\n\n\n<figure class=\"wp-block-image size-large\"><img loading=\"lazy\" decoding=\"async\" width=\"1024\" height=\"768\" src=\"https:\/\/bellasartes.edu.py\/wp-content\/uploads\/2024\/10\/20241009_103252-1024x768.jpg\" alt=\"\" class=\"wp-image-4966\" srcset=\"https:\/\/bellasartes.edu.py\/wp-content\/uploads\/2024\/10\/20241009_103252-980x735.jpg 980w, https:\/\/bellasartes.edu.py\/wp-content\/uploads\/2024\/10\/20241009_103252-480x360.jpg 480w\" sizes=\"auto, (min-width: 0px) and (max-width: 480px) 480px, (min-width: 481px) and (max-width: 980px) 980px, (min-width: 981px) 1024px, 100vw\" \/><\/figure>\n\n\n\n<p>La reuni\u00f3n inici\u00f3 con una actividad art\u00edstica a cargo de la Licenciatura en Danza y de la Licenciatura en M\u00fasica, seguida de las palabras de bienvenida del Director General, Mgtr. Osvaldo Olivera.&nbsp;<\/p>\n","protected":false},"excerpt":{"rendered":"<p>En la ma\u00f1ana del mi\u00e9rcoles 9 de octubre, el Director General del Instituto Superior de Bellas Artes, Mgtr. Osvaldo Olivera, recibi\u00f3 al Ing. Gerardo Jara del CONES, en una mesa de trabajo conformada por la Directora Acad\u00e9mica. Lic. Dora N\u00fa\u00f1ez de Ram\u00edrez y los respectivas Coordinaciones de \u00a0carreras del ISBA, la Directora de Asesor\u00eda Jur\u00eddica, [&hellip;]<\/p>\n","protected":false},"author":3,"featured_media":4963,"comment_status":"open","ping_status":"open","sticky":false,"template":"","format":"standard","meta":{"_et_pb_use_builder":"off","_et_pb_old_content":"","_et_gb_content_width":"","inline_featured_image":false,"fifu_image_url":"","fifu_image_alt":"","_jetpack_memberships_contains_paid_content":false,"footnotes":""},"categories":[3],"tags":[],"class_list":["post-4962","post","type-post","status-publish","format-standard","has-post-thumbnail","hentry","category-noticias"],"yoast_head":"<!-- This site is optimized with the Yoast SEO plugin v27.5 - https:\/\/yoast.com\/product\/yoast-seo-wordpress\/ -->\n<title>CONES<\/title>\n<meta name=\"description\" content=\"Mgtr. Osvaldo Olivera, recibi\u00f3 al Ing. Gerardo Jara del CONES, en una mesa de trabajo conformada por la Directora Acad\u00e9mica.\" \/>\n<meta name=\"robots\" content=\"index, follow, max-snippet:-1, max-image-preview:large, max-video-preview:-1\" \/>\n<link rel=\"canonical\" href=\"https:\/\/bellasartes.edu.py\/index.php\/2024\/10\/10\/cones\/\" \/>\n<meta property=\"og:locale\" content=\"es_ES\" \/>\n<meta property=\"og:type\" content=\"article\" \/>\n<meta property=\"og:title\" content=\"CONES\" \/>\n<meta property=\"og:description\" content=\"Mgtr. Osvaldo Olivera, recibi\u00f3 al Ing. Gerardo Jara del CONES, en una mesa de trabajo conformada por la Directora Acad\u00e9mica.\" \/>\n<meta property=\"og:url\" content=\"https:\/\/bellasartes.edu.py\/index.php\/2024\/10\/10\/cones\/\" \/>\n<meta property=\"og:site_name\" content=\"Instituto Superior de Bellas Artes\" \/>\n<meta property=\"article:publisher\" content=\"https:\/\/www.facebook.com\/isbaoficial\" \/>\n<meta property=\"article:published_time\" content=\"2024-10-10T22:12:53+00:00\" \/>\n<meta property=\"article:modified_time\" content=\"2024-10-10T22:12:55+00:00\" \/>\n<meta property=\"og:image\" content=\"http:\/\/bellasartes.edu.py\/wp-content\/uploads\/2024\/10\/20241009_101814-scaled.jpg\" \/>\n\t<meta property=\"og:image:width\" content=\"2560\" \/>\n\t<meta property=\"og:image:height\" content=\"1920\" \/>\n\t<meta property=\"og:image:type\" content=\"image\/jpeg\" \/>\n<meta name=\"author\" content=\"comunicarte\" \/>\n<meta name=\"twitter:card\" content=\"summary_large_image\" \/>\n<meta name=\"twitter:label1\" content=\"Escrito por\" \/>\n\t<meta name=\"twitter:data1\" content=\"comunicarte\" \/>\n\t<meta name=\"twitter:label2\" content=\"Tiempo de lectura\" \/>\n\t<meta name=\"twitter:data2\" content=\"1 minuto\" \/>\n<script type=\"application\/ld+json\" class=\"yoast-schema-graph\">{\"@context\":\"https:\\\/\\\/schema.org\",\"@graph\":[{\"@type\":\"Article\",\"@id\":\"https:\\\/\\\/bellasartes.edu.py\\\/index.php\\\/2024\\\/10\\\/10\\\/cones\\\/#article\",\"isPartOf\":{\"@id\":\"https:\\\/\\\/bellasartes.edu.py\\\/index.php\\\/2024\\\/10\\\/10\\\/cones\\\/\"},\"author\":{\"name\":\"comunicarte\",\"@id\":\"https:\\\/\\\/bellasartes.edu.py\\\/#\\\/schema\\\/person\\\/6243d56ea2e518f0b57594d7a454e37a\"},\"headline\":\"CONES visita Bellas Artes\",\"datePublished\":\"2024-10-10T22:12:53+00:00\",\"dateModified\":\"2024-10-10T22:12:55+00:00\",\"mainEntityOfPage\":{\"@id\":\"https:\\\/\\\/bellasartes.edu.py\\\/index.php\\\/2024\\\/10\\\/10\\\/cones\\\/\"},\"wordCount\":251,\"commentCount\":0,\"publisher\":{\"@id\":\"https:\\\/\\\/bellasartes.edu.py\\\/#organization\"},\"image\":{\"@id\":\"https:\\\/\\\/bellasartes.edu.py\\\/index.php\\\/2024\\\/10\\\/10\\\/cones\\\/#primaryimage\"},\"thumbnailUrl\":\"https:\\\/\\\/bellasartes.edu.py\\\/wp-content\\\/uploads\\\/2024\\\/10\\\/20241009_101814-scaled.jpg\",\"articleSection\":[\"Noticias\"],\"inLanguage\":\"es\",\"potentialAction\":[{\"@type\":\"CommentAction\",\"name\":\"Comment\",\"target\":[\"https:\\\/\\\/bellasartes.edu.py\\\/index.php\\\/2024\\\/10\\\/10\\\/cones\\\/#respond\"]}]},{\"@type\":\"WebPage\",\"@id\":\"https:\\\/\\\/bellasartes.edu.py\\\/index.php\\\/2024\\\/10\\\/10\\\/cones\\\/\",\"url\":\"https:\\\/\\\/bellasartes.edu.py\\\/index.php\\\/2024\\\/10\\\/10\\\/cones\\\/\",\"name\":\"CONES\",\"isPartOf\":{\"@id\":\"https:\\\/\\\/bellasartes.edu.py\\\/#website\"},\"primaryImageOfPage\":{\"@id\":\"https:\\\/\\\/bellasartes.edu.py\\\/index.php\\\/2024\\\/10\\\/10\\\/cones\\\/#primaryimage\"},\"image\":{\"@id\":\"https:\\\/\\\/bellasartes.edu.py\\\/index.php\\\/2024\\\/10\\\/10\\\/cones\\\/#primaryimage\"},\"thumbnailUrl\":\"https:\\\/\\\/bellasartes.edu.py\\\/wp-content\\\/uploads\\\/2024\\\/10\\\/20241009_101814-scaled.jpg\",\"datePublished\":\"2024-10-10T22:12:53+00:00\",\"dateModified\":\"2024-10-10T22:12:55+00:00\",\"description\":\"Mgtr. Osvaldo Olivera, recibi\u00f3 al Ing. Gerardo Jara del CONES, en una mesa de trabajo conformada por la Directora Acad\u00e9mica.\",\"breadcrumb\":{\"@id\":\"https:\\\/\\\/bellasartes.edu.py\\\/index.php\\\/2024\\\/10\\\/10\\\/cones\\\/#breadcrumb\"},\"inLanguage\":\"es\",\"potentialAction\":[{\"@type\":\"ReadAction\",\"target\":[\"https:\\\/\\\/bellasartes.edu.py\\\/index.php\\\/2024\\\/10\\\/10\\\/cones\\\/\"]}]},{\"@type\":\"ImageObject\",\"inLanguage\":\"es\",\"@id\":\"https:\\\/\\\/bellasartes.edu.py\\\/index.php\\\/2024\\\/10\\\/10\\\/cones\\\/#primaryimage\",\"url\":\"https:\\\/\\\/bellasartes.edu.py\\\/wp-content\\\/uploads\\\/2024\\\/10\\\/20241009_101814-scaled.jpg\",\"contentUrl\":\"https:\\\/\\\/bellasartes.edu.py\\\/wp-content\\\/uploads\\\/2024\\\/10\\\/20241009_101814-scaled.jpg\",\"width\":2560,\"height\":1920},{\"@type\":\"BreadcrumbList\",\"@id\":\"https:\\\/\\\/bellasartes.edu.py\\\/index.php\\\/2024\\\/10\\\/10\\\/cones\\\/#breadcrumb\",\"itemListElement\":[{\"@type\":\"ListItem\",\"position\":1,\"name\":\"Home\",\"item\":\"https:\\\/\\\/bellasartes.edu.py\\\/\"},{\"@type\":\"ListItem\",\"position\":2,\"name\":\"CONES visita Bellas Artes\"}]},{\"@type\":\"WebSite\",\"@id\":\"https:\\\/\\\/bellasartes.edu.py\\\/#website\",\"url\":\"https:\\\/\\\/bellasartes.edu.py\\\/\",\"name\":\"Instituto Superior de Bellas Artes\",\"description\":\"\",\"publisher\":{\"@id\":\"https:\\\/\\\/bellasartes.edu.py\\\/#organization\"},\"potentialAction\":[{\"@type\":\"SearchAction\",\"target\":{\"@type\":\"EntryPoint\",\"urlTemplate\":\"https:\\\/\\\/bellasartes.edu.py\\\/?s={search_term_string}\"},\"query-input\":{\"@type\":\"PropertyValueSpecification\",\"valueRequired\":true,\"valueName\":\"search_term_string\"}}],\"inLanguage\":\"es\"},{\"@type\":\"Organization\",\"@id\":\"https:\\\/\\\/bellasartes.edu.py\\\/#organization\",\"name\":\"Instituto Superior de Bellas Artes\",\"url\":\"https:\\\/\\\/bellasartes.edu.py\\\/\",\"logo\":{\"@type\":\"ImageObject\",\"inLanguage\":\"es\",\"@id\":\"https:\\\/\\\/bellasartes.edu.py\\\/#\\\/schema\\\/logo\\\/image\\\/\",\"url\":\"https:\\\/\\\/bellasartes.edu.py\\\/wp-content\\\/uploads\\\/2024\\\/03\\\/cropped-imagenes-y-logos_Mesa-de-trabajo-1.png\",\"contentUrl\":\"https:\\\/\\\/bellasartes.edu.py\\\/wp-content\\\/uploads\\\/2024\\\/03\\\/cropped-imagenes-y-logos_Mesa-de-trabajo-1.png\",\"width\":512,\"height\":512,\"caption\":\"Instituto Superior de Bellas Artes\"},\"image\":{\"@id\":\"https:\\\/\\\/bellasartes.edu.py\\\/#\\\/schema\\\/logo\\\/image\\\/\"},\"sameAs\":[\"https:\\\/\\\/www.facebook.com\\\/isbaoficial\",\"https:\\\/\\\/www.instagram.com\\\/bellasartes.py\\\/\",\"https:\\\/\\\/www.linkedin.com\\\/school\\\/74351323\\\/admin\\\/feed\\\/posts\\\/\"]},{\"@type\":\"Person\",\"@id\":\"https:\\\/\\\/bellasartes.edu.py\\\/#\\\/schema\\\/person\\\/6243d56ea2e518f0b57594d7a454e37a\",\"name\":\"comunicarte\",\"image\":{\"@type\":\"ImageObject\",\"inLanguage\":\"es\",\"@id\":\"https:\\\/\\\/secure.gravatar.com\\\/avatar\\\/73b4d6769843e544de958c36b6a5ccd5fbfbe514a048340133a4d304a2f5777b?s=96&d=mm&r=g\",\"url\":\"https:\\\/\\\/secure.gravatar.com\\\/avatar\\\/73b4d6769843e544de958c36b6a5ccd5fbfbe514a048340133a4d304a2f5777b?s=96&d=mm&r=g\",\"contentUrl\":\"https:\\\/\\\/secure.gravatar.com\\\/avatar\\\/73b4d6769843e544de958c36b6a5ccd5fbfbe514a048340133a4d304a2f5777b?s=96&d=mm&r=g\",\"caption\":\"comunicarte\"},\"url\":\"https:\\\/\\\/bellasartes.edu.py\\\/index.php\\\/author\\\/comunicarte\\\/\"}]}<\/script>\n<!-- \/ Yoast SEO plugin. -->","yoast_head_json":{"title":"CONES","description":"Mgtr. Osvaldo Olivera, recibi\u00f3 al Ing. Gerardo Jara del CONES, en una mesa de trabajo conformada por la Directora Acad\u00e9mica.","robots":{"index":"index","follow":"follow","max-snippet":"max-snippet:-1","max-image-preview":"max-image-preview:large","max-video-preview":"max-video-preview:-1"},"canonical":"https:\/\/bellasartes.edu.py\/index.php\/2024\/10\/10\/cones\/","og_locale":"es_ES","og_type":"article","og_title":"CONES","og_description":"Mgtr. Osvaldo Olivera, recibi\u00f3 al Ing. Gerardo Jara del CONES, en una mesa de trabajo conformada por la Directora Acad\u00e9mica.","og_url":"https:\/\/bellasartes.edu.py\/index.php\/2024\/10\/10\/cones\/","og_site_name":"Instituto Superior de Bellas Artes","article_publisher":"https:\/\/www.facebook.com\/isbaoficial","article_published_time":"2024-10-10T22:12:53+00:00","article_modified_time":"2024-10-10T22:12:55+00:00","og_image":[{"width":2560,"height":1920,"url":"http:\/\/bellasartes.edu.py\/wp-content\/uploads\/2024\/10\/20241009_101814-scaled.jpg","type":"image\/jpeg"}],"author":"comunicarte","twitter_card":"summary_large_image","twitter_misc":{"Escrito por":"comunicarte","Tiempo de lectura":"1 minuto"},"schema":{"@context":"https:\/\/schema.org","@graph":[{"@type":"Article","@id":"https:\/\/bellasartes.edu.py\/index.php\/2024\/10\/10\/cones\/#article","isPartOf":{"@id":"https:\/\/bellasartes.edu.py\/index.php\/2024\/10\/10\/cones\/"},"author":{"name":"comunicarte","@id":"https:\/\/bellasartes.edu.py\/#\/schema\/person\/6243d56ea2e518f0b57594d7a454e37a"},"headline":"CONES visita Bellas Artes","datePublished":"2024-10-10T22:12:53+00:00","dateModified":"2024-10-10T22:12:55+00:00","mainEntityOfPage":{"@id":"https:\/\/bellasartes.edu.py\/index.php\/2024\/10\/10\/cones\/"},"wordCount":251,"commentCount":0,"publisher":{"@id":"https:\/\/bellasartes.edu.py\/#organization"},"image":{"@id":"https:\/\/bellasartes.edu.py\/index.php\/2024\/10\/10\/cones\/#primaryimage"},"thumbnailUrl":"https:\/\/bellasartes.edu.py\/wp-content\/uploads\/2024\/10\/20241009_101814-scaled.jpg","articleSection":["Noticias"],"inLanguage":"es","potentialAction":[{"@type":"CommentAction","name":"Comment","target":["https:\/\/bellasartes.edu.py\/index.php\/2024\/10\/10\/cones\/#respond"]}]},{"@type":"WebPage","@id":"https:\/\/bellasartes.edu.py\/index.php\/2024\/10\/10\/cones\/","url":"https:\/\/bellasartes.edu.py\/index.php\/2024\/10\/10\/cones\/","name":"CONES","isPartOf":{"@id":"https:\/\/bellasartes.edu.py\/#website"},"primaryImageOfPage":{"@id":"https:\/\/bellasartes.edu.py\/index.php\/2024\/10\/10\/cones\/#primaryimage"},"image":{"@id":"https:\/\/bellasartes.edu.py\/index.php\/2024\/10\/10\/cones\/#primaryimage"},"thumbnailUrl":"https:\/\/bellasartes.edu.py\/wp-content\/uploads\/2024\/10\/20241009_101814-scaled.jpg","datePublished":"2024-10-10T22:12:53+00:00","dateModified":"2024-10-10T22:12:55+00:00","description":"Mgtr. Osvaldo Olivera, recibi\u00f3 al Ing. Gerardo Jara del CONES, en una mesa de trabajo conformada por la Directora Acad\u00e9mica.","breadcrumb":{"@id":"https:\/\/bellasartes.edu.py\/index.php\/2024\/10\/10\/cones\/#breadcrumb"},"inLanguage":"es","potentialAction":[{"@type":"ReadAction","target":["https:\/\/bellasartes.edu.py\/index.php\/2024\/10\/10\/cones\/"]}]},{"@type":"ImageObject","inLanguage":"es","@id":"https:\/\/bellasartes.edu.py\/index.php\/2024\/10\/10\/cones\/#primaryimage","url":"https:\/\/bellasartes.edu.py\/wp-content\/uploads\/2024\/10\/20241009_101814-scaled.jpg","contentUrl":"https:\/\/bellasartes.edu.py\/wp-content\/uploads\/2024\/10\/20241009_101814-scaled.jpg","width":2560,"height":1920},{"@type":"BreadcrumbList","@id":"https:\/\/bellasartes.edu.py\/index.php\/2024\/10\/10\/cones\/#breadcrumb","itemListElement":[{"@type":"ListItem","position":1,"name":"Home","item":"https:\/\/bellasartes.edu.py\/"},{"@type":"ListItem","position":2,"name":"CONES visita Bellas Artes"}]},{"@type":"WebSite","@id":"https:\/\/bellasartes.edu.py\/#website","url":"https:\/\/bellasartes.edu.py\/","name":"Instituto Superior de Bellas Artes","description":"","publisher":{"@id":"https:\/\/bellasartes.edu.py\/#organization"},"potentialAction":[{"@type":"SearchAction","target":{"@type":"EntryPoint","urlTemplate":"https:\/\/bellasartes.edu.py\/?s={search_term_string}"},"query-input":{"@type":"PropertyValueSpecification","valueRequired":true,"valueName":"search_term_string"}}],"inLanguage":"es"},{"@type":"Organization","@id":"https:\/\/bellasartes.edu.py\/#organization","name":"Instituto Superior de Bellas Artes","url":"https:\/\/bellasartes.edu.py\/","logo":{"@type":"ImageObject","inLanguage":"es","@id":"https:\/\/bellasartes.edu.py\/#\/schema\/logo\/image\/","url":"https:\/\/bellasartes.edu.py\/wp-content\/uploads\/2024\/03\/cropped-imagenes-y-logos_Mesa-de-trabajo-1.png","contentUrl":"https:\/\/bellasartes.edu.py\/wp-content\/uploads\/2024\/03\/cropped-imagenes-y-logos_Mesa-de-trabajo-1.png","width":512,"height":512,"caption":"Instituto Superior de Bellas Artes"},"image":{"@id":"https:\/\/bellasartes.edu.py\/#\/schema\/logo\/image\/"},"sameAs":["https:\/\/www.facebook.com\/isbaoficial","https:\/\/www.instagram.com\/bellasartes.py\/","https:\/\/www.linkedin.com\/school\/74351323\/admin\/feed\/posts\/"]},{"@type":"Person","@id":"https:\/\/bellasartes.edu.py\/#\/schema\/person\/6243d56ea2e518f0b57594d7a454e37a","name":"comunicarte","image":{"@type":"ImageObject","inLanguage":"es","@id":"https:\/\/secure.gravatar.com\/avatar\/73b4d6769843e544de958c36b6a5ccd5fbfbe514a048340133a4d304a2f5777b?s=96&d=mm&r=g","url":"https:\/\/secure.gravatar.com\/avatar\/73b4d6769843e544de958c36b6a5ccd5fbfbe514a048340133a4d304a2f5777b?s=96&d=mm&r=g","contentUrl":"https:\/\/secure.gravatar.com\/avatar\/73b4d6769843e544de958c36b6a5ccd5fbfbe514a048340133a4d304a2f5777b?s=96&d=mm&r=g","caption":"comunicarte"},"url":"https:\/\/bellasartes.edu.py\/index.php\/author\/comunicarte\/"}]}},"jetpack_featured_media_url":"https:\/\/bellasartes.edu.py\/wp-content\/uploads\/2024\/10\/20241009_101814-scaled.jpg","jetpack_sharing_enabled":true,"_links":{"self":[{"href":"https:\/\/bellasartes.edu.py\/index.php\/wp-json\/wp\/v2\/posts\/4962","targetHints":{"allow":["GET"]}}],"collection":[{"href":"https:\/\/bellasartes.edu.py\/index.php\/wp-json\/wp\/v2\/posts"}],"about":[{"href":"https:\/\/bellasartes.edu.py\/index.php\/wp-json\/wp\/v2\/types\/post"}],"author":[{"embeddable":true,"href":"https:\/\/bellasartes.edu.py\/index.php\/wp-json\/wp\/v2\/users\/3"}],"replies":[{"embeddable":true,"href":"https:\/\/bellasartes.edu.py\/index.php\/wp-json\/wp\/v2\/comments?post=4962"}],"version-history":[{"count":1,"href":"https:\/\/bellasartes.edu.py\/index.php\/wp-json\/wp\/v2\/posts\/4962\/revisions"}],"predecessor-version":[{"id":4967,"href":"https:\/\/bellasartes.edu.py\/index.php\/wp-json\/wp\/v2\/posts\/4962\/revisions\/4967"}],"wp:featuredmedia":[{"embeddable":true,"href":"https:\/\/bellasartes.edu.py\/index.php\/wp-json\/wp\/v2\/media\/4963"}],"wp:attachment":[{"href":"https:\/\/bellasartes.edu.py\/index.php\/wp-json\/wp\/v2\/media?parent=4962"}],"wp:term":[{"taxonomy":"category","embeddable":true,"href":"https:\/\/bellasartes.edu.py\/index.php\/wp-json\/wp\/v2\/categories?post=4962"},{"taxonomy":"post_tag","embeddable":true,"href":"https:\/\/bellasartes.edu.py\/index.php\/wp-json\/wp\/v2\/tags?post=4962"}],"curies":[{"name":"wp","href":"https:\/\/api.w.org\/{rel}","templated":true}]}}