{"id":5227,"date":"2025-02-25T12:27:14","date_gmt":"2025-02-25T12:27:14","guid":{"rendered":"https:\/\/bellasartes.edu.py\/?p=5227"},"modified":"2025-02-25T13:27:09","modified_gmt":"2025-02-25T13:27:09","slug":"dia-de-la-mujer-paraguaya-serenata-en-sanber-bellas-artes-y-osn","status":"publish","type":"post","link":"https:\/\/bellasartes.edu.py\/index.php\/2025\/02\/25\/dia-de-la-mujer-paraguaya-serenata-en-sanber-bellas-artes-y-osn\/","title":{"rendered":"Bellas Artes y la OSN homenajearon a la Mujer Paraguaya en Samber."},"content":{"rendered":"\n<p>El s\u00e1bado 22 de febrero el Instituto Superior de Bellas Artes y la Orquesta Sinf\u00f3nica Nacional rindieron homenaje a la mujer paraguaya en un concierto que reuni\u00f3 a las mujeres artistas de ambas instituciones y que coron\u00f3 con broche de oro la temporada veraniega de la ciudad de San Bernardino. El evento que tuvo lugar en la Casa B\u00fcttner, cont\u00f3 con el apoyo de la SENATUR.<\/p>\n\n\n\n<figure class=\"wp-block-image size-large\"><img loading=\"lazy\" decoding=\"async\" width=\"1024\" height=\"767\" src=\"https:\/\/bellasartes.edu.py\/wp-content\/uploads\/2025\/02\/WhatsApp-Image-2025-02-24-at-6.41.44-PM-1024x767.jpeg\" alt=\"\" class=\"wp-image-5229\" srcset=\"https:\/\/bellasartes.edu.py\/wp-content\/uploads\/2025\/02\/WhatsApp-Image-2025-02-24-at-6.41.44-PM-1024x767.jpeg 1024w, https:\/\/bellasartes.edu.py\/wp-content\/uploads\/2025\/02\/WhatsApp-Image-2025-02-24-at-6.41.44-PM-980x734.jpeg 980w, https:\/\/bellasartes.edu.py\/wp-content\/uploads\/2025\/02\/WhatsApp-Image-2025-02-24-at-6.41.44-PM-480x360.jpeg 480w\" sizes=\"auto, (min-width: 0px) and (max-width: 480px) 480px, (min-width: 481px) and (max-width: 980px) 980px, (min-width: 981px) 1024px, 100vw\" \/><\/figure>\n\n\n\n<p>Con la guarania como marco y sello, en este a\u00f1o del centenario de su creaci\u00f3n, recientemente declarada, Patrimonio Cultural Inmaterial de la Humanidad por la UNESCO, las voces femeninas se hicieron sentir en un concierto dirigido por la Maestra Mar\u00eda de la Paz Diez P\u00e9rez, con Andrea Orihuela, Sara S\u00e1nchez y Dorys Sosa en violines; Estefania Cuevas, viola;&nbsp; Ana Karina Mendoza y Yejin Park, cellos; y en las voces, Sofia Valdez, Karina Aiub y Shirley Balmori, quienes brillaron en la m\u00e1gica noche de s\u00e1bado. &nbsp;<\/p>\n\n\n\n<figure class=\"wp-block-image size-large is-resized\"><img loading=\"lazy\" decoding=\"async\" width=\"768\" height=\"1024\" src=\"https:\/\/bellasartes.edu.py\/wp-content\/uploads\/2025\/02\/WhatsApp-Image-2025-02-24-at-6.41.41-PM-1-1-768x1024.jpeg\" alt=\"\" class=\"wp-image-5238\" style=\"width:783px;height:auto\" srcset=\"https:\/\/bellasartes.edu.py\/wp-content\/uploads\/2025\/02\/WhatsApp-Image-2025-02-24-at-6.41.41-PM-1-1-768x1024.jpeg 768w, https:\/\/bellasartes.edu.py\/wp-content\/uploads\/2025\/02\/WhatsApp-Image-2025-02-24-at-6.41.41-PM-1-1-480x640.jpeg 480w\" sizes=\"auto, (min-width: 0px) and (max-width: 480px) 480px, (min-width: 481px) 768px, 100vw\" \/><\/figure>\n\n\n\n<p>As\u00ed, ambas instituciones homenajearon a la mujer paraguaya, cuya fecha conmemorativa se recuerda el 24 de febrero, fecha en que tuvo lugar, pero en 1867, la primera asamblea de mujeres en la Plaza de Mayo en Asunci\u00f3n, mujeres que han forjado la historia en la escena nacional y siguen siendo motivo de inspiraci\u00f3n a lo largo de los a\u00f1os. &nbsp;<\/p>\n","protected":false},"excerpt":{"rendered":"<p>El s\u00e1bado 22 de febrero el Instituto Superior de Bellas Artes y la Orquesta Sinf\u00f3nica Nacional rindieron homenaje a la mujer paraguaya en un concierto que reuni\u00f3 a las mujeres artistas de ambas instituciones y que coron\u00f3 con broche de oro la temporada veraniega de la ciudad de San Bernardino. El evento que tuvo lugar [&hellip;]<\/p>\n","protected":false},"author":3,"featured_media":5228,"comment_status":"open","ping_status":"open","sticky":false,"template":"","format":"standard","meta":{"_et_pb_use_builder":"off","_et_pb_old_content":"","_et_gb_content_width":"","inline_featured_image":false,"fifu_image_url":"","fifu_image_alt":"","_jetpack_memberships_contains_paid_content":false,"footnotes":""},"categories":[3],"tags":[],"class_list":["post-5227","post","type-post","status-publish","format-standard","has-post-thumbnail","hentry","category-noticias"],"yoast_head":"<!-- This site is optimized with the Yoast SEO plugin v27.4 - https:\/\/yoast.com\/product\/yoast-seo-wordpress\/ -->\n<title>Serenata a la Mujer Paraguaya<\/title>\n<meta name=\"description\" content=\"El s\u00e1bado 22 de febrero el ISBA y la OSN rindieron homenaje a la mujer paraguaya que coron\u00f3 la temporada veraniega en San Bernardino.\" \/>\n<meta name=\"robots\" content=\"index, follow, max-snippet:-1, max-image-preview:large, max-video-preview:-1\" \/>\n<link rel=\"canonical\" href=\"https:\/\/bellasartes.edu.py\/index.php\/2025\/02\/25\/dia-de-la-mujer-paraguaya-serenata-en-sanber-bellas-artes-y-osn\/\" \/>\n<meta property=\"og:locale\" content=\"es_ES\" \/>\n<meta property=\"og:type\" content=\"article\" \/>\n<meta property=\"og:title\" content=\"Serenata a la Mujer Paraguaya\" \/>\n<meta property=\"og:description\" content=\"El s\u00e1bado 22 de febrero el ISBA y la OSN rindieron homenaje a la mujer paraguaya que coron\u00f3 la temporada veraniega en San Bernardino.\" \/>\n<meta property=\"og:url\" content=\"https:\/\/bellasartes.edu.py\/index.php\/2025\/02\/25\/dia-de-la-mujer-paraguaya-serenata-en-sanber-bellas-artes-y-osn\/\" \/>\n<meta property=\"og:site_name\" content=\"Instituto Superior de Bellas Artes\" \/>\n<meta property=\"article:publisher\" content=\"https:\/\/www.facebook.com\/isbaoficial\" \/>\n<meta property=\"article:published_time\" content=\"2025-02-25T12:27:14+00:00\" \/>\n<meta property=\"article:modified_time\" content=\"2025-02-25T13:27:09+00:00\" \/>\n<meta property=\"og:image\" content=\"http:\/\/bellasartes.edu.py\/wp-content\/uploads\/2025\/02\/WhatsApp-Image-copia.jpg\" \/>\n\t<meta property=\"og:image:width\" content=\"1280\" \/>\n\t<meta property=\"og:image:height\" content=\"960\" \/>\n\t<meta property=\"og:image:type\" content=\"image\/jpeg\" \/>\n<meta name=\"author\" content=\"comunicarte\" \/>\n<meta name=\"twitter:card\" content=\"summary_large_image\" \/>\n<meta name=\"twitter:label1\" content=\"Escrito por\" \/>\n\t<meta name=\"twitter:data1\" content=\"comunicarte\" \/>\n\t<meta name=\"twitter:label2\" content=\"Tiempo de lectura\" \/>\n\t<meta name=\"twitter:data2\" content=\"1 minuto\" \/>\n<script type=\"application\/ld+json\" class=\"yoast-schema-graph\">{\"@context\":\"https:\\\/\\\/schema.org\",\"@graph\":[{\"@type\":\"Article\",\"@id\":\"https:\\\/\\\/bellasartes.edu.py\\\/index.php\\\/2025\\\/02\\\/25\\\/dia-de-la-mujer-paraguaya-serenata-en-sanber-bellas-artes-y-osn\\\/#article\",\"isPartOf\":{\"@id\":\"https:\\\/\\\/bellasartes.edu.py\\\/index.php\\\/2025\\\/02\\\/25\\\/dia-de-la-mujer-paraguaya-serenata-en-sanber-bellas-artes-y-osn\\\/\"},\"author\":{\"name\":\"comunicarte\",\"@id\":\"https:\\\/\\\/bellasartes.edu.py\\\/#\\\/schema\\\/person\\\/6243d56ea2e518f0b57594d7a454e37a\"},\"headline\":\"Bellas Artes y la OSN homenajearon a la Mujer Paraguaya en Samber.\",\"datePublished\":\"2025-02-25T12:27:14+00:00\",\"dateModified\":\"2025-02-25T13:27:09+00:00\",\"mainEntityOfPage\":{\"@id\":\"https:\\\/\\\/bellasartes.edu.py\\\/index.php\\\/2025\\\/02\\\/25\\\/dia-de-la-mujer-paraguaya-serenata-en-sanber-bellas-artes-y-osn\\\/\"},\"wordCount\":234,\"commentCount\":0,\"publisher\":{\"@id\":\"https:\\\/\\\/bellasartes.edu.py\\\/#organization\"},\"image\":{\"@id\":\"https:\\\/\\\/bellasartes.edu.py\\\/index.php\\\/2025\\\/02\\\/25\\\/dia-de-la-mujer-paraguaya-serenata-en-sanber-bellas-artes-y-osn\\\/#primaryimage\"},\"thumbnailUrl\":\"https:\\\/\\\/bellasartes.edu.py\\\/wp-content\\\/uploads\\\/2025\\\/02\\\/WhatsApp-Image-copia.jpg\",\"articleSection\":[\"Noticias\"],\"inLanguage\":\"es\",\"potentialAction\":[{\"@type\":\"CommentAction\",\"name\":\"Comment\",\"target\":[\"https:\\\/\\\/bellasartes.edu.py\\\/index.php\\\/2025\\\/02\\\/25\\\/dia-de-la-mujer-paraguaya-serenata-en-sanber-bellas-artes-y-osn\\\/#respond\"]}]},{\"@type\":\"WebPage\",\"@id\":\"https:\\\/\\\/bellasartes.edu.py\\\/index.php\\\/2025\\\/02\\\/25\\\/dia-de-la-mujer-paraguaya-serenata-en-sanber-bellas-artes-y-osn\\\/\",\"url\":\"https:\\\/\\\/bellasartes.edu.py\\\/index.php\\\/2025\\\/02\\\/25\\\/dia-de-la-mujer-paraguaya-serenata-en-sanber-bellas-artes-y-osn\\\/\",\"name\":\"Serenata a la Mujer Paraguaya\",\"isPartOf\":{\"@id\":\"https:\\\/\\\/bellasartes.edu.py\\\/#website\"},\"primaryImageOfPage\":{\"@id\":\"https:\\\/\\\/bellasartes.edu.py\\\/index.php\\\/2025\\\/02\\\/25\\\/dia-de-la-mujer-paraguaya-serenata-en-sanber-bellas-artes-y-osn\\\/#primaryimage\"},\"image\":{\"@id\":\"https:\\\/\\\/bellasartes.edu.py\\\/index.php\\\/2025\\\/02\\\/25\\\/dia-de-la-mujer-paraguaya-serenata-en-sanber-bellas-artes-y-osn\\\/#primaryimage\"},\"thumbnailUrl\":\"https:\\\/\\\/bellasartes.edu.py\\\/wp-content\\\/uploads\\\/2025\\\/02\\\/WhatsApp-Image-copia.jpg\",\"datePublished\":\"2025-02-25T12:27:14+00:00\",\"dateModified\":\"2025-02-25T13:27:09+00:00\",\"description\":\"El s\u00e1bado 22 de febrero el ISBA y la OSN rindieron homenaje a la mujer paraguaya que coron\u00f3 la temporada veraniega en San Bernardino.\",\"breadcrumb\":{\"@id\":\"https:\\\/\\\/bellasartes.edu.py\\\/index.php\\\/2025\\\/02\\\/25\\\/dia-de-la-mujer-paraguaya-serenata-en-sanber-bellas-artes-y-osn\\\/#breadcrumb\"},\"inLanguage\":\"es\",\"potentialAction\":[{\"@type\":\"ReadAction\",\"target\":[\"https:\\\/\\\/bellasartes.edu.py\\\/index.php\\\/2025\\\/02\\\/25\\\/dia-de-la-mujer-paraguaya-serenata-en-sanber-bellas-artes-y-osn\\\/\"]}]},{\"@type\":\"ImageObject\",\"inLanguage\":\"es\",\"@id\":\"https:\\\/\\\/bellasartes.edu.py\\\/index.php\\\/2025\\\/02\\\/25\\\/dia-de-la-mujer-paraguaya-serenata-en-sanber-bellas-artes-y-osn\\\/#primaryimage\",\"url\":\"https:\\\/\\\/bellasartes.edu.py\\\/wp-content\\\/uploads\\\/2025\\\/02\\\/WhatsApp-Image-copia.jpg\",\"contentUrl\":\"https:\\\/\\\/bellasartes.edu.py\\\/wp-content\\\/uploads\\\/2025\\\/02\\\/WhatsApp-Image-copia.jpg\",\"width\":1280,\"height\":960},{\"@type\":\"BreadcrumbList\",\"@id\":\"https:\\\/\\\/bellasartes.edu.py\\\/index.php\\\/2025\\\/02\\\/25\\\/dia-de-la-mujer-paraguaya-serenata-en-sanber-bellas-artes-y-osn\\\/#breadcrumb\",\"itemListElement\":[{\"@type\":\"ListItem\",\"position\":1,\"name\":\"Home\",\"item\":\"https:\\\/\\\/bellasartes.edu.py\\\/\"},{\"@type\":\"ListItem\",\"position\":2,\"name\":\"Bellas Artes y la OSN homenajearon a la Mujer Paraguaya en Samber.\"}]},{\"@type\":\"WebSite\",\"@id\":\"https:\\\/\\\/bellasartes.edu.py\\\/#website\",\"url\":\"https:\\\/\\\/bellasartes.edu.py\\\/\",\"name\":\"Instituto Superior de Bellas Artes\",\"description\":\"\",\"publisher\":{\"@id\":\"https:\\\/\\\/bellasartes.edu.py\\\/#organization\"},\"potentialAction\":[{\"@type\":\"SearchAction\",\"target\":{\"@type\":\"EntryPoint\",\"urlTemplate\":\"https:\\\/\\\/bellasartes.edu.py\\\/?s={search_term_string}\"},\"query-input\":{\"@type\":\"PropertyValueSpecification\",\"valueRequired\":true,\"valueName\":\"search_term_string\"}}],\"inLanguage\":\"es\"},{\"@type\":\"Organization\",\"@id\":\"https:\\\/\\\/bellasartes.edu.py\\\/#organization\",\"name\":\"Instituto Superior de Bellas Artes\",\"url\":\"https:\\\/\\\/bellasartes.edu.py\\\/\",\"logo\":{\"@type\":\"ImageObject\",\"inLanguage\":\"es\",\"@id\":\"https:\\\/\\\/bellasartes.edu.py\\\/#\\\/schema\\\/logo\\\/image\\\/\",\"url\":\"https:\\\/\\\/bellasartes.edu.py\\\/wp-content\\\/uploads\\\/2024\\\/03\\\/cropped-imagenes-y-logos_Mesa-de-trabajo-1.png\",\"contentUrl\":\"https:\\\/\\\/bellasartes.edu.py\\\/wp-content\\\/uploads\\\/2024\\\/03\\\/cropped-imagenes-y-logos_Mesa-de-trabajo-1.png\",\"width\":512,\"height\":512,\"caption\":\"Instituto Superior de Bellas Artes\"},\"image\":{\"@id\":\"https:\\\/\\\/bellasartes.edu.py\\\/#\\\/schema\\\/logo\\\/image\\\/\"},\"sameAs\":[\"https:\\\/\\\/www.facebook.com\\\/isbaoficial\",\"https:\\\/\\\/www.instagram.com\\\/bellasartes.py\\\/\",\"https:\\\/\\\/www.linkedin.com\\\/school\\\/74351323\\\/admin\\\/feed\\\/posts\\\/\"]},{\"@type\":\"Person\",\"@id\":\"https:\\\/\\\/bellasartes.edu.py\\\/#\\\/schema\\\/person\\\/6243d56ea2e518f0b57594d7a454e37a\",\"name\":\"comunicarte\",\"image\":{\"@type\":\"ImageObject\",\"inLanguage\":\"es\",\"@id\":\"https:\\\/\\\/secure.gravatar.com\\\/avatar\\\/73b4d6769843e544de958c36b6a5ccd5fbfbe514a048340133a4d304a2f5777b?s=96&d=mm&r=g\",\"url\":\"https:\\\/\\\/secure.gravatar.com\\\/avatar\\\/73b4d6769843e544de958c36b6a5ccd5fbfbe514a048340133a4d304a2f5777b?s=96&d=mm&r=g\",\"contentUrl\":\"https:\\\/\\\/secure.gravatar.com\\\/avatar\\\/73b4d6769843e544de958c36b6a5ccd5fbfbe514a048340133a4d304a2f5777b?s=96&d=mm&r=g\",\"caption\":\"comunicarte\"},\"url\":\"https:\\\/\\\/bellasartes.edu.py\\\/index.php\\\/author\\\/comunicarte\\\/\"}]}<\/script>\n<!-- \/ Yoast SEO plugin. -->","yoast_head_json":{"title":"Serenata a la Mujer Paraguaya","description":"El s\u00e1bado 22 de febrero el ISBA y la OSN rindieron homenaje a la mujer paraguaya que coron\u00f3 la temporada veraniega en San Bernardino.","robots":{"index":"index","follow":"follow","max-snippet":"max-snippet:-1","max-image-preview":"max-image-preview:large","max-video-preview":"max-video-preview:-1"},"canonical":"https:\/\/bellasartes.edu.py\/index.php\/2025\/02\/25\/dia-de-la-mujer-paraguaya-serenata-en-sanber-bellas-artes-y-osn\/","og_locale":"es_ES","og_type":"article","og_title":"Serenata a la Mujer Paraguaya","og_description":"El s\u00e1bado 22 de febrero el ISBA y la OSN rindieron homenaje a la mujer paraguaya que coron\u00f3 la temporada veraniega en San Bernardino.","og_url":"https:\/\/bellasartes.edu.py\/index.php\/2025\/02\/25\/dia-de-la-mujer-paraguaya-serenata-en-sanber-bellas-artes-y-osn\/","og_site_name":"Instituto Superior de Bellas Artes","article_publisher":"https:\/\/www.facebook.com\/isbaoficial","article_published_time":"2025-02-25T12:27:14+00:00","article_modified_time":"2025-02-25T13:27:09+00:00","og_image":[{"width":1280,"height":960,"url":"http:\/\/bellasartes.edu.py\/wp-content\/uploads\/2025\/02\/WhatsApp-Image-copia.jpg","type":"image\/jpeg"}],"author":"comunicarte","twitter_card":"summary_large_image","twitter_misc":{"Escrito por":"comunicarte","Tiempo de lectura":"1 minuto"},"schema":{"@context":"https:\/\/schema.org","@graph":[{"@type":"Article","@id":"https:\/\/bellasartes.edu.py\/index.php\/2025\/02\/25\/dia-de-la-mujer-paraguaya-serenata-en-sanber-bellas-artes-y-osn\/#article","isPartOf":{"@id":"https:\/\/bellasartes.edu.py\/index.php\/2025\/02\/25\/dia-de-la-mujer-paraguaya-serenata-en-sanber-bellas-artes-y-osn\/"},"author":{"name":"comunicarte","@id":"https:\/\/bellasartes.edu.py\/#\/schema\/person\/6243d56ea2e518f0b57594d7a454e37a"},"headline":"Bellas Artes y la OSN homenajearon a la Mujer Paraguaya en Samber.","datePublished":"2025-02-25T12:27:14+00:00","dateModified":"2025-02-25T13:27:09+00:00","mainEntityOfPage":{"@id":"https:\/\/bellasartes.edu.py\/index.php\/2025\/02\/25\/dia-de-la-mujer-paraguaya-serenata-en-sanber-bellas-artes-y-osn\/"},"wordCount":234,"commentCount":0,"publisher":{"@id":"https:\/\/bellasartes.edu.py\/#organization"},"image":{"@id":"https:\/\/bellasartes.edu.py\/index.php\/2025\/02\/25\/dia-de-la-mujer-paraguaya-serenata-en-sanber-bellas-artes-y-osn\/#primaryimage"},"thumbnailUrl":"https:\/\/bellasartes.edu.py\/wp-content\/uploads\/2025\/02\/WhatsApp-Image-copia.jpg","articleSection":["Noticias"],"inLanguage":"es","potentialAction":[{"@type":"CommentAction","name":"Comment","target":["https:\/\/bellasartes.edu.py\/index.php\/2025\/02\/25\/dia-de-la-mujer-paraguaya-serenata-en-sanber-bellas-artes-y-osn\/#respond"]}]},{"@type":"WebPage","@id":"https:\/\/bellasartes.edu.py\/index.php\/2025\/02\/25\/dia-de-la-mujer-paraguaya-serenata-en-sanber-bellas-artes-y-osn\/","url":"https:\/\/bellasartes.edu.py\/index.php\/2025\/02\/25\/dia-de-la-mujer-paraguaya-serenata-en-sanber-bellas-artes-y-osn\/","name":"Serenata a la Mujer Paraguaya","isPartOf":{"@id":"https:\/\/bellasartes.edu.py\/#website"},"primaryImageOfPage":{"@id":"https:\/\/bellasartes.edu.py\/index.php\/2025\/02\/25\/dia-de-la-mujer-paraguaya-serenata-en-sanber-bellas-artes-y-osn\/#primaryimage"},"image":{"@id":"https:\/\/bellasartes.edu.py\/index.php\/2025\/02\/25\/dia-de-la-mujer-paraguaya-serenata-en-sanber-bellas-artes-y-osn\/#primaryimage"},"thumbnailUrl":"https:\/\/bellasartes.edu.py\/wp-content\/uploads\/2025\/02\/WhatsApp-Image-copia.jpg","datePublished":"2025-02-25T12:27:14+00:00","dateModified":"2025-02-25T13:27:09+00:00","description":"El s\u00e1bado 22 de febrero el ISBA y la OSN rindieron homenaje a la mujer paraguaya que coron\u00f3 la temporada veraniega en San Bernardino.","breadcrumb":{"@id":"https:\/\/bellasartes.edu.py\/index.php\/2025\/02\/25\/dia-de-la-mujer-paraguaya-serenata-en-sanber-bellas-artes-y-osn\/#breadcrumb"},"inLanguage":"es","potentialAction":[{"@type":"ReadAction","target":["https:\/\/bellasartes.edu.py\/index.php\/2025\/02\/25\/dia-de-la-mujer-paraguaya-serenata-en-sanber-bellas-artes-y-osn\/"]}]},{"@type":"ImageObject","inLanguage":"es","@id":"https:\/\/bellasartes.edu.py\/index.php\/2025\/02\/25\/dia-de-la-mujer-paraguaya-serenata-en-sanber-bellas-artes-y-osn\/#primaryimage","url":"https:\/\/bellasartes.edu.py\/wp-content\/uploads\/2025\/02\/WhatsApp-Image-copia.jpg","contentUrl":"https:\/\/bellasartes.edu.py\/wp-content\/uploads\/2025\/02\/WhatsApp-Image-copia.jpg","width":1280,"height":960},{"@type":"BreadcrumbList","@id":"https:\/\/bellasartes.edu.py\/index.php\/2025\/02\/25\/dia-de-la-mujer-paraguaya-serenata-en-sanber-bellas-artes-y-osn\/#breadcrumb","itemListElement":[{"@type":"ListItem","position":1,"name":"Home","item":"https:\/\/bellasartes.edu.py\/"},{"@type":"ListItem","position":2,"name":"Bellas Artes y la OSN homenajearon a la Mujer Paraguaya en Samber."}]},{"@type":"WebSite","@id":"https:\/\/bellasartes.edu.py\/#website","url":"https:\/\/bellasartes.edu.py\/","name":"Instituto Superior de Bellas Artes","description":"","publisher":{"@id":"https:\/\/bellasartes.edu.py\/#organization"},"potentialAction":[{"@type":"SearchAction","target":{"@type":"EntryPoint","urlTemplate":"https:\/\/bellasartes.edu.py\/?s={search_term_string}"},"query-input":{"@type":"PropertyValueSpecification","valueRequired":true,"valueName":"search_term_string"}}],"inLanguage":"es"},{"@type":"Organization","@id":"https:\/\/bellasartes.edu.py\/#organization","name":"Instituto Superior de Bellas Artes","url":"https:\/\/bellasartes.edu.py\/","logo":{"@type":"ImageObject","inLanguage":"es","@id":"https:\/\/bellasartes.edu.py\/#\/schema\/logo\/image\/","url":"https:\/\/bellasartes.edu.py\/wp-content\/uploads\/2024\/03\/cropped-imagenes-y-logos_Mesa-de-trabajo-1.png","contentUrl":"https:\/\/bellasartes.edu.py\/wp-content\/uploads\/2024\/03\/cropped-imagenes-y-logos_Mesa-de-trabajo-1.png","width":512,"height":512,"caption":"Instituto Superior de Bellas Artes"},"image":{"@id":"https:\/\/bellasartes.edu.py\/#\/schema\/logo\/image\/"},"sameAs":["https:\/\/www.facebook.com\/isbaoficial","https:\/\/www.instagram.com\/bellasartes.py\/","https:\/\/www.linkedin.com\/school\/74351323\/admin\/feed\/posts\/"]},{"@type":"Person","@id":"https:\/\/bellasartes.edu.py\/#\/schema\/person\/6243d56ea2e518f0b57594d7a454e37a","name":"comunicarte","image":{"@type":"ImageObject","inLanguage":"es","@id":"https:\/\/secure.gravatar.com\/avatar\/73b4d6769843e544de958c36b6a5ccd5fbfbe514a048340133a4d304a2f5777b?s=96&d=mm&r=g","url":"https:\/\/secure.gravatar.com\/avatar\/73b4d6769843e544de958c36b6a5ccd5fbfbe514a048340133a4d304a2f5777b?s=96&d=mm&r=g","contentUrl":"https:\/\/secure.gravatar.com\/avatar\/73b4d6769843e544de958c36b6a5ccd5fbfbe514a048340133a4d304a2f5777b?s=96&d=mm&r=g","caption":"comunicarte"},"url":"https:\/\/bellasartes.edu.py\/index.php\/author\/comunicarte\/"}]}},"jetpack_featured_media_url":"https:\/\/bellasartes.edu.py\/wp-content\/uploads\/2025\/02\/WhatsApp-Image-copia.jpg","jetpack_sharing_enabled":true,"_links":{"self":[{"href":"https:\/\/bellasartes.edu.py\/index.php\/wp-json\/wp\/v2\/posts\/5227","targetHints":{"allow":["GET"]}}],"collection":[{"href":"https:\/\/bellasartes.edu.py\/index.php\/wp-json\/wp\/v2\/posts"}],"about":[{"href":"https:\/\/bellasartes.edu.py\/index.php\/wp-json\/wp\/v2\/types\/post"}],"author":[{"embeddable":true,"href":"https:\/\/bellasartes.edu.py\/index.php\/wp-json\/wp\/v2\/users\/3"}],"replies":[{"embeddable":true,"href":"https:\/\/bellasartes.edu.py\/index.php\/wp-json\/wp\/v2\/comments?post=5227"}],"version-history":[{"count":3,"href":"https:\/\/bellasartes.edu.py\/index.php\/wp-json\/wp\/v2\/posts\/5227\/revisions"}],"predecessor-version":[{"id":5239,"href":"https:\/\/bellasartes.edu.py\/index.php\/wp-json\/wp\/v2\/posts\/5227\/revisions\/5239"}],"wp:featuredmedia":[{"embeddable":true,"href":"https:\/\/bellasartes.edu.py\/index.php\/wp-json\/wp\/v2\/media\/5228"}],"wp:attachment":[{"href":"https:\/\/bellasartes.edu.py\/index.php\/wp-json\/wp\/v2\/media?parent=5227"}],"wp:term":[{"taxonomy":"category","embeddable":true,"href":"https:\/\/bellasartes.edu.py\/index.php\/wp-json\/wp\/v2\/categories?post=5227"},{"taxonomy":"post_tag","embeddable":true,"href":"https:\/\/bellasartes.edu.py\/index.php\/wp-json\/wp\/v2\/tags?post=5227"}],"curies":[{"name":"wp","href":"https:\/\/api.w.org\/{rel}","templated":true}]}}