{"id":6836,"date":"2026-05-01T15:54:41","date_gmt":"2026-05-01T15:54:41","guid":{"rendered":"https:\/\/bellasartes.edu.py\/?p=6836"},"modified":"2026-05-01T15:54:46","modified_gmt":"2026-05-01T15:54:46","slug":"bellas-artes-celebra-su-69-aniversario-con-actividades-artisticas","status":"publish","type":"post","link":"https:\/\/bellasartes.edu.py\/index.php\/2026\/05\/01\/bellas-artes-celebra-su-69-aniversario-con-actividades-artisticas\/","title":{"rendered":"Bellas Artes celebra su 69\u00b0 Aniversario con actividades art\u00edsticas"},"content":{"rendered":"\n<p>El Instituto Superior de Bellas Artes lleva 69 a\u00f1os de trayectoria formando artistas licenciados en Dise\u00f1o Gr\u00e1fico, Artes Visuales, Teatro, M\u00fasica y Danza. La comunidad educativa: docentes, estudiantes y funcionarios, se unieron para celebrarlo de la manera que caracteriza a la instituci\u00f3n: con arte y cultura.<\/p>\n\n\n\n<p>Con una serie de actividades educativas y art\u00edsticas, abierto a todo p\u00fablico, el ISBA celebr\u00f3 su legado durante tres d\u00edas consecutivos.<\/p>\n\n\n\n<h3 class=\"wp-block-heading\"><strong>Tres d\u00edas para festejar los 69 a\u00f1os del ISBA<\/strong><\/h3>\n\n\n\n<figure class=\"wp-block-gallery has-nested-images columns-default is-cropped wp-block-gallery-1 is-layout-flex wp-block-gallery-is-layout-flex\">\n<figure class=\"wp-block-image size-large\"><img loading=\"lazy\" decoding=\"async\" width=\"1024\" height=\"768\" data-id=\"6837\" src=\"https:\/\/bellasartes.edu.py\/wp-content\/uploads\/2026\/05\/WhatsApp-Image-2026-05-01-at-11.42.57-1024x768.jpeg\" alt=\"\" class=\"wp-image-6837\" srcset=\"https:\/\/bellasartes.edu.py\/wp-content\/uploads\/2026\/05\/WhatsApp-Image-2026-05-01-at-11.42.57-980x735.jpeg 980w, https:\/\/bellasartes.edu.py\/wp-content\/uploads\/2026\/05\/WhatsApp-Image-2026-05-01-at-11.42.57-480x360.jpeg 480w\" sizes=\"auto, (min-width: 0px) and (max-width: 480px) 480px, (min-width: 481px) and (max-width: 980px) 980px, (min-width: 981px) 1024px, 100vw\" \/><\/figure>\n\n\n\n<figure class=\"wp-block-image size-large\"><img loading=\"lazy\" decoding=\"async\" width=\"1024\" height=\"768\" data-id=\"6839\" src=\"https:\/\/bellasartes.edu.py\/wp-content\/uploads\/2026\/05\/WhatsApp-Image-2026-05-01-at-11.42.58-1-1024x768.jpeg\" alt=\"\" class=\"wp-image-6839\" srcset=\"https:\/\/bellasartes.edu.py\/wp-content\/uploads\/2026\/05\/WhatsApp-Image-2026-05-01-at-11.42.58-1-980x735.jpeg 980w, https:\/\/bellasartes.edu.py\/wp-content\/uploads\/2026\/05\/WhatsApp-Image-2026-05-01-at-11.42.58-1-480x360.jpeg 480w\" sizes=\"auto, (min-width: 0px) and (max-width: 480px) 480px, (min-width: 481px) and (max-width: 980px) 980px, (min-width: 981px) 1024px, 100vw\" \/><\/figure>\n\n\n\n<figure class=\"wp-block-image size-large\"><img loading=\"lazy\" decoding=\"async\" width=\"1024\" height=\"768\" data-id=\"6838\" src=\"https:\/\/bellasartes.edu.py\/wp-content\/uploads\/2026\/05\/WhatsApp-Image-2026-05-01-at-11.42.58-1024x768.jpeg\" alt=\"\" class=\"wp-image-6838\" srcset=\"https:\/\/bellasartes.edu.py\/wp-content\/uploads\/2026\/05\/WhatsApp-Image-2026-05-01-at-11.42.58-980x735.jpeg 980w, https:\/\/bellasartes.edu.py\/wp-content\/uploads\/2026\/05\/WhatsApp-Image-2026-05-01-at-11.42.58-480x360.jpeg 480w\" sizes=\"auto, (min-width: 0px) and (max-width: 480px) 480px, (min-width: 481px) and (max-width: 980px) 980px, (min-width: 981px) 1024px, 100vw\" \/><\/figure>\n<\/figure>\n\n\n\n<p>Las primeras actividades se desarrollaron el <strong>lunes 27 de abril<\/strong>, encabezadas por una charla titulada <strong>\u201cViva el Neoarte\u201d<\/strong>, en el sal\u00f3n auditorio, a cargo de la Mgtr. Claudia D\u00edaz. Le siguieron los estudiantes del tercer nivel de la Licenciatura en Teatro, quienes presentaron una interesante performance en el predio de la instituci\u00f3n. Adem\u00e1s, se present\u00f3 una muestra de videos de la asignatura de Actuaci\u00f3n ante C\u00e1mara, de la Licenciatura en Teatro; tambi\u00e9n en el sal\u00f3n auditorio.<\/p>\n\n\n\n<figure class=\"wp-block-gallery has-nested-images columns-default is-cropped wp-block-gallery-2 is-layout-flex wp-block-gallery-is-layout-flex\">\n<figure class=\"wp-block-image size-large\"><img loading=\"lazy\" decoding=\"async\" width=\"1024\" height=\"683\" data-id=\"6840\" src=\"https:\/\/bellasartes.edu.py\/wp-content\/uploads\/2026\/05\/WhatsApp-Image-2026-04-28-at-13.12.35-1024x683.jpeg\" alt=\"\" class=\"wp-image-6840\" srcset=\"https:\/\/bellasartes.edu.py\/wp-content\/uploads\/2026\/05\/WhatsApp-Image-2026-04-28-at-13.12.35-1024x683.jpeg 1024w, https:\/\/bellasartes.edu.py\/wp-content\/uploads\/2026\/05\/WhatsApp-Image-2026-04-28-at-13.12.35-980x654.jpeg 980w, https:\/\/bellasartes.edu.py\/wp-content\/uploads\/2026\/05\/WhatsApp-Image-2026-04-28-at-13.12.35-480x320.jpeg 480w\" sizes=\"auto, (min-width: 0px) and (max-width: 480px) 480px, (min-width: 481px) and (max-width: 980px) 980px, (min-width: 981px) 1024px, 100vw\" \/><\/figure>\n\n\n\n<figure class=\"wp-block-image size-large\"><img loading=\"lazy\" decoding=\"async\" width=\"1024\" height=\"683\" data-id=\"6841\" src=\"https:\/\/bellasartes.edu.py\/wp-content\/uploads\/2026\/05\/WhatsApp-Image-2026-04-28-at-13.12.34-1-1024x683.jpeg\" alt=\"\" class=\"wp-image-6841\" srcset=\"https:\/\/bellasartes.edu.py\/wp-content\/uploads\/2026\/05\/WhatsApp-Image-2026-04-28-at-13.12.34-1-1024x683.jpeg 1024w, https:\/\/bellasartes.edu.py\/wp-content\/uploads\/2026\/05\/WhatsApp-Image-2026-04-28-at-13.12.34-1-980x654.jpeg 980w, https:\/\/bellasartes.edu.py\/wp-content\/uploads\/2026\/05\/WhatsApp-Image-2026-04-28-at-13.12.34-1-480x320.jpeg 480w\" sizes=\"auto, (min-width: 0px) and (max-width: 480px) 480px, (min-width: 481px) and (max-width: 980px) 980px, (min-width: 981px) 1024px, 100vw\" \/><\/figure>\n\n\n\n<figure class=\"wp-block-image size-large\"><img loading=\"lazy\" decoding=\"async\" width=\"1024\" height=\"683\" data-id=\"6842\" src=\"https:\/\/bellasartes.edu.py\/wp-content\/uploads\/2026\/05\/WhatsApp-Image-2026-04-28-at-13.12.34-1024x683.jpeg\" alt=\"\" class=\"wp-image-6842\" srcset=\"https:\/\/bellasartes.edu.py\/wp-content\/uploads\/2026\/05\/WhatsApp-Image-2026-04-28-at-13.12.34-1024x683.jpeg 1024w, https:\/\/bellasartes.edu.py\/wp-content\/uploads\/2026\/05\/WhatsApp-Image-2026-04-28-at-13.12.34-980x654.jpeg 980w, https:\/\/bellasartes.edu.py\/wp-content\/uploads\/2026\/05\/WhatsApp-Image-2026-04-28-at-13.12.34-480x320.jpeg 480w\" sizes=\"auto, (min-width: 0px) and (max-width: 480px) 480px, (min-width: 481px) and (max-width: 980px) 980px, (min-width: 981px) 1024px, 100vw\" \/><\/figure>\n<\/figure>\n\n\n\n<p><strong>El martes 28 de abril<\/strong>, segundo d\u00eda de esta celebraci\u00f3n, contempl\u00f3 una clase abierta de la asignatura de <strong>Restauraci\u00f3n<\/strong> de la carrera de Artes Visuales; en el patio central de Bellas Artes.<\/p>\n\n\n\n<p><strong>El mi\u00e9rcoles 29 de abril<\/strong>, \u00faltimo d\u00eda de la serie de actividades, hubo una celebraci\u00f3n final con intervenciones art\u00edsticas y <em>stands<\/em> de arte a cargo de los alumnos.<\/p>\n\n\n\n<p>La jornada empez\u00f3 con una presentaci\u00f3n dual de canto de la Licenciatura en M\u00fasica, con las obras <em>\u201cTico Tico no Fub\u00e1\u201d<\/em> y <em>\u201cChiricoe\u201d<\/em>. Le sigui\u00f3 el elenco de danza con tres piezas de danza paraguaya, <em>\u201cArroyos y esteros\u201d<\/em>, <em>\u201cParaguar\u00ed\u201d<\/em> y <em>\u201cCarandayty\u201d<\/em>. Tambi\u00e9n hubo una vibrante presentaci\u00f3n de danza espa\u00f1ola solista, y la bella coreograf\u00eda <em>\u201cGorri\u00f3n Saite\u201d.<\/em><\/p>\n\n\n\n<p>Desde la disciplina de Artes Pl\u00e1sticas, Isaac Medina realiz\u00f3 una muestra de pintura en vivo; seguidamente la m\u00fasica volvi\u00f3 a tomar la escena con una solista de canto, luego el coro de la Licenciatura en M\u00fasica y finalmente un ensamble de cuerdas con violoncellos.<\/p>\n\n\n\n<figure class=\"wp-block-gallery has-nested-images columns-default is-cropped wp-block-gallery-3 is-layout-flex wp-block-gallery-is-layout-flex\">\n<figure class=\"wp-block-image size-large\"><img loading=\"lazy\" decoding=\"async\" width=\"1024\" height=\"576\" data-id=\"6845\" src=\"https:\/\/bellasartes.edu.py\/wp-content\/uploads\/2026\/05\/DSC08289-1024x576.jpg\" alt=\"\" class=\"wp-image-6845\" srcset=\"https:\/\/bellasartes.edu.py\/wp-content\/uploads\/2026\/05\/DSC08289-980x551.jpg 980w, https:\/\/bellasartes.edu.py\/wp-content\/uploads\/2026\/05\/DSC08289-480x270.jpg 480w\" sizes=\"auto, (min-width: 0px) and (max-width: 480px) 480px, (min-width: 481px) and (max-width: 980px) 980px, (min-width: 981px) 1024px, 100vw\" \/><\/figure>\n\n\n\n<figure class=\"wp-block-image size-large\"><img loading=\"lazy\" decoding=\"async\" width=\"1024\" height=\"576\" data-id=\"6847\" src=\"https:\/\/bellasartes.edu.py\/wp-content\/uploads\/2026\/05\/DSC08299-1024x576.jpg\" alt=\"\" class=\"wp-image-6847\" srcset=\"https:\/\/bellasartes.edu.py\/wp-content\/uploads\/2026\/05\/DSC08299-980x551.jpg 980w, https:\/\/bellasartes.edu.py\/wp-content\/uploads\/2026\/05\/DSC08299-480x270.jpg 480w\" sizes=\"auto, (min-width: 0px) and (max-width: 480px) 480px, (min-width: 481px) and (max-width: 980px) 980px, (min-width: 981px) 1024px, 100vw\" \/><\/figure>\n\n\n\n<figure class=\"wp-block-image size-large\"><img loading=\"lazy\" decoding=\"async\" width=\"1024\" height=\"576\" data-id=\"6844\" src=\"https:\/\/bellasartes.edu.py\/wp-content\/uploads\/2026\/05\/DSC08328-1024x576.jpg\" alt=\"\" class=\"wp-image-6844\" srcset=\"https:\/\/bellasartes.edu.py\/wp-content\/uploads\/2026\/05\/DSC08328-980x551.jpg 980w, https:\/\/bellasartes.edu.py\/wp-content\/uploads\/2026\/05\/DSC08328-480x270.jpg 480w\" sizes=\"auto, (min-width: 0px) and (max-width: 480px) 480px, (min-width: 481px) and (max-width: 980px) 980px, (min-width: 981px) 1024px, 100vw\" \/><\/figure>\n\n\n\n<figure class=\"wp-block-image size-large\"><img loading=\"lazy\" decoding=\"async\" width=\"1024\" height=\"576\" data-id=\"6846\" src=\"https:\/\/bellasartes.edu.py\/wp-content\/uploads\/2026\/05\/DSC08340-1024x576.jpg\" alt=\"\" class=\"wp-image-6846\" srcset=\"https:\/\/bellasartes.edu.py\/wp-content\/uploads\/2026\/05\/DSC08340-980x551.jpg 980w, https:\/\/bellasartes.edu.py\/wp-content\/uploads\/2026\/05\/DSC08340-480x270.jpg 480w\" sizes=\"auto, (min-width: 0px) and (max-width: 480px) 480px, (min-width: 481px) and (max-width: 980px) 980px, (min-width: 981px) 1024px, 100vw\" \/><\/figure>\n\n\n\n<figure class=\"wp-block-image size-large\"><img loading=\"lazy\" decoding=\"async\" width=\"1024\" height=\"576\" data-id=\"6849\" src=\"https:\/\/bellasartes.edu.py\/wp-content\/uploads\/2026\/05\/DSC08353-1024x576.jpg\" alt=\"\" class=\"wp-image-6849\" srcset=\"https:\/\/bellasartes.edu.py\/wp-content\/uploads\/2026\/05\/DSC08353-980x551.jpg 980w, https:\/\/bellasartes.edu.py\/wp-content\/uploads\/2026\/05\/DSC08353-480x270.jpg 480w\" sizes=\"auto, (min-width: 0px) and (max-width: 480px) 480px, (min-width: 481px) and (max-width: 980px) 980px, (min-width: 981px) 1024px, 100vw\" \/><\/figure>\n<\/figure>\n\n\n\n<p>De esta manera, Bellas Artes celebr\u00f3 un nuevo aniversario honrando su historia y, sobre todo, el talento y la creatividad de su comunidad. Entre m\u00fasica, danza y artes visuales, qued\u00f3 en evidencia que el arte sigue siendo el impulsor de la instituci\u00f3n hacia un futuro de progreso cultural.<\/p>\n","protected":false},"excerpt":{"rendered":"<p>El Instituto Superior de Bellas Artes lleva 69 a\u00f1os de trayectoria formando artistas licenciados en Dise\u00f1o Gr\u00e1fico, Artes Visuales, Teatro, M\u00fasica y Danza. La comunidad educativa: docentes, estudiantes y funcionarios, se unieron para celebrarlo de la manera que caracteriza a la instituci\u00f3n: con arte y cultura. Con una serie de actividades educativas y art\u00edsticas, abierto [&hellip;]<\/p>\n","protected":false},"author":3,"featured_media":6851,"comment_status":"open","ping_status":"open","sticky":false,"template":"","format":"standard","meta":{"_et_pb_use_builder":"off","_et_pb_old_content":"","_et_gb_content_width":"","inline_featured_image":false,"fifu_image_url":"http:\/\/bellasartes.edu.py\/wp-content\/uploads\/2026\/05\/DSC08225-scaled.jpg","fifu_image_alt":"","_jetpack_memberships_contains_paid_content":false,"footnotes":""},"categories":[3],"tags":[],"class_list":["post-6836","post","type-post","status-publish","format-standard","has-post-thumbnail","hentry","category-noticias"],"yoast_head":"<!-- This site is optimized with the Yoast SEO plugin v27.5 - https:\/\/yoast.com\/product\/yoast-seo-wordpress\/ -->\n<title>Bellas Artes celebra su 69\u00b0 Aniversario con actividades art\u00edsticas<\/title>\n<meta name=\"description\" content=\"El Instituto Superior de Bellas Artes lleva 69 a\u00f1os formando artistas, para celebrarlo se realiz\u00f3 actividades de arte y cultura.\" \/>\n<meta name=\"robots\" content=\"index, follow, max-snippet:-1, max-image-preview:large, max-video-preview:-1\" \/>\n<link rel=\"canonical\" href=\"https:\/\/bellasartes.edu.py\/index.php\/2026\/05\/01\/bellas-artes-celebra-su-69-aniversario-con-actividades-artisticas\/\" \/>\n<meta property=\"og:locale\" content=\"es_ES\" \/>\n<meta property=\"og:type\" content=\"article\" \/>\n<meta property=\"og:title\" content=\"Bellas Artes celebra su 69\u00b0 Aniversario con actividades art\u00edsticas\" \/>\n<meta property=\"og:description\" content=\"El Instituto Superior de Bellas Artes lleva 69 a\u00f1os formando artistas, para celebrarlo se realiz\u00f3 actividades de arte y cultura.\" \/>\n<meta property=\"og:url\" content=\"https:\/\/bellasartes.edu.py\/index.php\/2026\/05\/01\/bellas-artes-celebra-su-69-aniversario-con-actividades-artisticas\/\" \/>\n<meta property=\"og:site_name\" content=\"Instituto Superior de Bellas Artes\" \/>\n<meta property=\"article:publisher\" content=\"https:\/\/www.facebook.com\/isbaoficial\" \/>\n<meta property=\"article:published_time\" content=\"2026-05-01T15:54:41+00:00\" \/>\n<meta property=\"article:modified_time\" content=\"2026-05-01T15:54:46+00:00\" \/>\n<meta property=\"og:image\" content=\"http:\/\/bellasartes.edu.py\/wp-content\/uploads\/2026\/05\/DSC08225-scaled.jpg\" \/>\n<meta name=\"author\" content=\"comunicarte\" \/>\n<meta name=\"twitter:card\" content=\"summary_large_image\" \/>\n<meta name=\"twitter:image\" content=\"http:\/\/bellasartes.edu.py\/wp-content\/uploads\/2026\/05\/DSC08225-scaled.jpg\" \/>\n<meta name=\"twitter:label1\" content=\"Escrito por\" \/>\n\t<meta name=\"twitter:data1\" content=\"comunicarte\" \/>\n\t<meta name=\"twitter:label2\" content=\"Tiempo de lectura\" \/>\n\t<meta name=\"twitter:data2\" content=\"2 minutos\" \/>\n<script type=\"application\/ld+json\" class=\"yoast-schema-graph\">{\"@context\":\"https:\\\/\\\/schema.org\",\"@graph\":[{\"@type\":\"Article\",\"@id\":\"https:\\\/\\\/bellasartes.edu.py\\\/index.php\\\/2026\\\/05\\\/01\\\/bellas-artes-celebra-su-69-aniversario-con-actividades-artisticas\\\/#article\",\"isPartOf\":{\"@id\":\"https:\\\/\\\/bellasartes.edu.py\\\/index.php\\\/2026\\\/05\\\/01\\\/bellas-artes-celebra-su-69-aniversario-con-actividades-artisticas\\\/\"},\"author\":{\"name\":\"comunicarte\",\"@id\":\"https:\\\/\\\/bellasartes.edu.py\\\/#\\\/schema\\\/person\\\/6243d56ea2e518f0b57594d7a454e37a\"},\"headline\":\"Bellas Artes celebra su 69\u00b0 Aniversario con actividades art\u00edsticas\",\"datePublished\":\"2026-05-01T15:54:41+00:00\",\"dateModified\":\"2026-05-01T15:54:46+00:00\",\"mainEntityOfPage\":{\"@id\":\"https:\\\/\\\/bellasartes.edu.py\\\/index.php\\\/2026\\\/05\\\/01\\\/bellas-artes-celebra-su-69-aniversario-con-actividades-artisticas\\\/\"},\"wordCount\":401,\"commentCount\":0,\"publisher\":{\"@id\":\"https:\\\/\\\/bellasartes.edu.py\\\/#organization\"},\"image\":{\"@id\":\"https:\\\/\\\/bellasartes.edu.py\\\/index.php\\\/2026\\\/05\\\/01\\\/bellas-artes-celebra-su-69-aniversario-con-actividades-artisticas\\\/#primaryimage\"},\"thumbnailUrl\":\"http:\\\/\\\/bellasartes.edu.py\\\/wp-content\\\/uploads\\\/2026\\\/05\\\/DSC08225-scaled.jpg\",\"articleSection\":[\"Noticias\"],\"inLanguage\":\"es\",\"potentialAction\":[{\"@type\":\"CommentAction\",\"name\":\"Comment\",\"target\":[\"https:\\\/\\\/bellasartes.edu.py\\\/index.php\\\/2026\\\/05\\\/01\\\/bellas-artes-celebra-su-69-aniversario-con-actividades-artisticas\\\/#respond\"]}]},{\"@type\":\"WebPage\",\"@id\":\"https:\\\/\\\/bellasartes.edu.py\\\/index.php\\\/2026\\\/05\\\/01\\\/bellas-artes-celebra-su-69-aniversario-con-actividades-artisticas\\\/\",\"url\":\"https:\\\/\\\/bellasartes.edu.py\\\/index.php\\\/2026\\\/05\\\/01\\\/bellas-artes-celebra-su-69-aniversario-con-actividades-artisticas\\\/\",\"name\":\"Bellas Artes celebra su 69\u00b0 Aniversario con actividades art\u00edsticas\",\"isPartOf\":{\"@id\":\"https:\\\/\\\/bellasartes.edu.py\\\/#website\"},\"primaryImageOfPage\":{\"@id\":\"https:\\\/\\\/bellasartes.edu.py\\\/index.php\\\/2026\\\/05\\\/01\\\/bellas-artes-celebra-su-69-aniversario-con-actividades-artisticas\\\/#primaryimage\"},\"image\":{\"@id\":\"https:\\\/\\\/bellasartes.edu.py\\\/index.php\\\/2026\\\/05\\\/01\\\/bellas-artes-celebra-su-69-aniversario-con-actividades-artisticas\\\/#primaryimage\"},\"thumbnailUrl\":\"http:\\\/\\\/bellasartes.edu.py\\\/wp-content\\\/uploads\\\/2026\\\/05\\\/DSC08225-scaled.jpg\",\"datePublished\":\"2026-05-01T15:54:41+00:00\",\"dateModified\":\"2026-05-01T15:54:46+00:00\",\"description\":\"El Instituto Superior de Bellas Artes lleva 69 a\u00f1os formando artistas, para celebrarlo se realiz\u00f3 actividades de arte y cultura.\",\"breadcrumb\":{\"@id\":\"https:\\\/\\\/bellasartes.edu.py\\\/index.php\\\/2026\\\/05\\\/01\\\/bellas-artes-celebra-su-69-aniversario-con-actividades-artisticas\\\/#breadcrumb\"},\"inLanguage\":\"es\",\"potentialAction\":[{\"@type\":\"ReadAction\",\"target\":[\"https:\\\/\\\/bellasartes.edu.py\\\/index.php\\\/2026\\\/05\\\/01\\\/bellas-artes-celebra-su-69-aniversario-con-actividades-artisticas\\\/\"]}]},{\"@type\":\"ImageObject\",\"inLanguage\":\"es\",\"@id\":\"https:\\\/\\\/bellasartes.edu.py\\\/index.php\\\/2026\\\/05\\\/01\\\/bellas-artes-celebra-su-69-aniversario-con-actividades-artisticas\\\/#primaryimage\",\"url\":\"http:\\\/\\\/bellasartes.edu.py\\\/wp-content\\\/uploads\\\/2026\\\/05\\\/DSC08225-scaled.jpg\",\"contentUrl\":\"http:\\\/\\\/bellasartes.edu.py\\\/wp-content\\\/uploads\\\/2026\\\/05\\\/DSC08225-scaled.jpg\",\"width\":\"2560\",\"height\":\"1439\"},{\"@type\":\"BreadcrumbList\",\"@id\":\"https:\\\/\\\/bellasartes.edu.py\\\/index.php\\\/2026\\\/05\\\/01\\\/bellas-artes-celebra-su-69-aniversario-con-actividades-artisticas\\\/#breadcrumb\",\"itemListElement\":[{\"@type\":\"ListItem\",\"position\":1,\"name\":\"Home\",\"item\":\"https:\\\/\\\/bellasartes.edu.py\\\/\"},{\"@type\":\"ListItem\",\"position\":2,\"name\":\"Bellas Artes celebra su 69\u00b0 Aniversario con actividades art\u00edsticas\"}]},{\"@type\":\"WebSite\",\"@id\":\"https:\\\/\\\/bellasartes.edu.py\\\/#website\",\"url\":\"https:\\\/\\\/bellasartes.edu.py\\\/\",\"name\":\"Instituto Superior de Bellas Artes\",\"description\":\"\",\"publisher\":{\"@id\":\"https:\\\/\\\/bellasartes.edu.py\\\/#organization\"},\"potentialAction\":[{\"@type\":\"SearchAction\",\"target\":{\"@type\":\"EntryPoint\",\"urlTemplate\":\"https:\\\/\\\/bellasartes.edu.py\\\/?s={search_term_string}\"},\"query-input\":{\"@type\":\"PropertyValueSpecification\",\"valueRequired\":true,\"valueName\":\"search_term_string\"}}],\"inLanguage\":\"es\"},{\"@type\":\"Organization\",\"@id\":\"https:\\\/\\\/bellasartes.edu.py\\\/#organization\",\"name\":\"Instituto Superior de Bellas Artes\",\"url\":\"https:\\\/\\\/bellasartes.edu.py\\\/\",\"logo\":{\"@type\":\"ImageObject\",\"inLanguage\":\"es\",\"@id\":\"https:\\\/\\\/bellasartes.edu.py\\\/#\\\/schema\\\/logo\\\/image\\\/\",\"url\":\"https:\\\/\\\/bellasartes.edu.py\\\/wp-content\\\/uploads\\\/2024\\\/03\\\/cropped-imagenes-y-logos_Mesa-de-trabajo-1.png\",\"contentUrl\":\"https:\\\/\\\/bellasartes.edu.py\\\/wp-content\\\/uploads\\\/2024\\\/03\\\/cropped-imagenes-y-logos_Mesa-de-trabajo-1.png\",\"width\":512,\"height\":512,\"caption\":\"Instituto Superior de Bellas Artes\"},\"image\":{\"@id\":\"https:\\\/\\\/bellasartes.edu.py\\\/#\\\/schema\\\/logo\\\/image\\\/\"},\"sameAs\":[\"https:\\\/\\\/www.facebook.com\\\/isbaoficial\",\"https:\\\/\\\/www.instagram.com\\\/bellasartes.py\\\/\",\"https:\\\/\\\/www.linkedin.com\\\/school\\\/74351323\\\/admin\\\/feed\\\/posts\\\/\"]},{\"@type\":\"Person\",\"@id\":\"https:\\\/\\\/bellasartes.edu.py\\\/#\\\/schema\\\/person\\\/6243d56ea2e518f0b57594d7a454e37a\",\"name\":\"comunicarte\",\"image\":{\"@type\":\"ImageObject\",\"inLanguage\":\"es\",\"@id\":\"https:\\\/\\\/secure.gravatar.com\\\/avatar\\\/73b4d6769843e544de958c36b6a5ccd5fbfbe514a048340133a4d304a2f5777b?s=96&d=mm&r=g\",\"url\":\"https:\\\/\\\/secure.gravatar.com\\\/avatar\\\/73b4d6769843e544de958c36b6a5ccd5fbfbe514a048340133a4d304a2f5777b?s=96&d=mm&r=g\",\"contentUrl\":\"https:\\\/\\\/secure.gravatar.com\\\/avatar\\\/73b4d6769843e544de958c36b6a5ccd5fbfbe514a048340133a4d304a2f5777b?s=96&d=mm&r=g\",\"caption\":\"comunicarte\"},\"url\":\"https:\\\/\\\/bellasartes.edu.py\\\/index.php\\\/author\\\/comunicarte\\\/\"}]}<\/script>\n<!-- \/ Yoast SEO plugin. -->","yoast_head_json":{"title":"Bellas Artes celebra su 69\u00b0 Aniversario con actividades art\u00edsticas","description":"El Instituto Superior de Bellas Artes lleva 69 a\u00f1os formando artistas, para celebrarlo se realiz\u00f3 actividades de arte y cultura.","robots":{"index":"index","follow":"follow","max-snippet":"max-snippet:-1","max-image-preview":"max-image-preview:large","max-video-preview":"max-video-preview:-1"},"canonical":"https:\/\/bellasartes.edu.py\/index.php\/2026\/05\/01\/bellas-artes-celebra-su-69-aniversario-con-actividades-artisticas\/","og_locale":"es_ES","og_type":"article","og_title":"Bellas Artes celebra su 69\u00b0 Aniversario con actividades art\u00edsticas","og_description":"El Instituto Superior de Bellas Artes lleva 69 a\u00f1os formando artistas, para celebrarlo se realiz\u00f3 actividades de arte y cultura.","og_url":"https:\/\/bellasartes.edu.py\/index.php\/2026\/05\/01\/bellas-artes-celebra-su-69-aniversario-con-actividades-artisticas\/","og_site_name":"Instituto Superior de Bellas Artes","article_publisher":"https:\/\/www.facebook.com\/isbaoficial","article_published_time":"2026-05-01T15:54:41+00:00","article_modified_time":"2026-05-01T15:54:46+00:00","og_image":[{"url":"http:\/\/bellasartes.edu.py\/wp-content\/uploads\/2026\/05\/DSC08225-scaled.jpg","type":"","width":"","height":""}],"author":"comunicarte","twitter_card":"summary_large_image","twitter_image":"http:\/\/bellasartes.edu.py\/wp-content\/uploads\/2026\/05\/DSC08225-scaled.jpg","twitter_misc":{"Escrito por":"comunicarte","Tiempo de lectura":"2 minutos"},"schema":{"@context":"https:\/\/schema.org","@graph":[{"@type":"Article","@id":"https:\/\/bellasartes.edu.py\/index.php\/2026\/05\/01\/bellas-artes-celebra-su-69-aniversario-con-actividades-artisticas\/#article","isPartOf":{"@id":"https:\/\/bellasartes.edu.py\/index.php\/2026\/05\/01\/bellas-artes-celebra-su-69-aniversario-con-actividades-artisticas\/"},"author":{"name":"comunicarte","@id":"https:\/\/bellasartes.edu.py\/#\/schema\/person\/6243d56ea2e518f0b57594d7a454e37a"},"headline":"Bellas Artes celebra su 69\u00b0 Aniversario con actividades art\u00edsticas","datePublished":"2026-05-01T15:54:41+00:00","dateModified":"2026-05-01T15:54:46+00:00","mainEntityOfPage":{"@id":"https:\/\/bellasartes.edu.py\/index.php\/2026\/05\/01\/bellas-artes-celebra-su-69-aniversario-con-actividades-artisticas\/"},"wordCount":401,"commentCount":0,"publisher":{"@id":"https:\/\/bellasartes.edu.py\/#organization"},"image":{"@id":"https:\/\/bellasartes.edu.py\/index.php\/2026\/05\/01\/bellas-artes-celebra-su-69-aniversario-con-actividades-artisticas\/#primaryimage"},"thumbnailUrl":"http:\/\/bellasartes.edu.py\/wp-content\/uploads\/2026\/05\/DSC08225-scaled.jpg","articleSection":["Noticias"],"inLanguage":"es","potentialAction":[{"@type":"CommentAction","name":"Comment","target":["https:\/\/bellasartes.edu.py\/index.php\/2026\/05\/01\/bellas-artes-celebra-su-69-aniversario-con-actividades-artisticas\/#respond"]}]},{"@type":"WebPage","@id":"https:\/\/bellasartes.edu.py\/index.php\/2026\/05\/01\/bellas-artes-celebra-su-69-aniversario-con-actividades-artisticas\/","url":"https:\/\/bellasartes.edu.py\/index.php\/2026\/05\/01\/bellas-artes-celebra-su-69-aniversario-con-actividades-artisticas\/","name":"Bellas Artes celebra su 69\u00b0 Aniversario con actividades art\u00edsticas","isPartOf":{"@id":"https:\/\/bellasartes.edu.py\/#website"},"primaryImageOfPage":{"@id":"https:\/\/bellasartes.edu.py\/index.php\/2026\/05\/01\/bellas-artes-celebra-su-69-aniversario-con-actividades-artisticas\/#primaryimage"},"image":{"@id":"https:\/\/bellasartes.edu.py\/index.php\/2026\/05\/01\/bellas-artes-celebra-su-69-aniversario-con-actividades-artisticas\/#primaryimage"},"thumbnailUrl":"http:\/\/bellasartes.edu.py\/wp-content\/uploads\/2026\/05\/DSC08225-scaled.jpg","datePublished":"2026-05-01T15:54:41+00:00","dateModified":"2026-05-01T15:54:46+00:00","description":"El Instituto Superior de Bellas Artes lleva 69 a\u00f1os formando artistas, para celebrarlo se realiz\u00f3 actividades de arte y cultura.","breadcrumb":{"@id":"https:\/\/bellasartes.edu.py\/index.php\/2026\/05\/01\/bellas-artes-celebra-su-69-aniversario-con-actividades-artisticas\/#breadcrumb"},"inLanguage":"es","potentialAction":[{"@type":"ReadAction","target":["https:\/\/bellasartes.edu.py\/index.php\/2026\/05\/01\/bellas-artes-celebra-su-69-aniversario-con-actividades-artisticas\/"]}]},{"@type":"ImageObject","inLanguage":"es","@id":"https:\/\/bellasartes.edu.py\/index.php\/2026\/05\/01\/bellas-artes-celebra-su-69-aniversario-con-actividades-artisticas\/#primaryimage","url":"http:\/\/bellasartes.edu.py\/wp-content\/uploads\/2026\/05\/DSC08225-scaled.jpg","contentUrl":"http:\/\/bellasartes.edu.py\/wp-content\/uploads\/2026\/05\/DSC08225-scaled.jpg","width":"2560","height":"1439"},{"@type":"BreadcrumbList","@id":"https:\/\/bellasartes.edu.py\/index.php\/2026\/05\/01\/bellas-artes-celebra-su-69-aniversario-con-actividades-artisticas\/#breadcrumb","itemListElement":[{"@type":"ListItem","position":1,"name":"Home","item":"https:\/\/bellasartes.edu.py\/"},{"@type":"ListItem","position":2,"name":"Bellas Artes celebra su 69\u00b0 Aniversario con actividades art\u00edsticas"}]},{"@type":"WebSite","@id":"https:\/\/bellasartes.edu.py\/#website","url":"https:\/\/bellasartes.edu.py\/","name":"Instituto Superior de Bellas Artes","description":"","publisher":{"@id":"https:\/\/bellasartes.edu.py\/#organization"},"potentialAction":[{"@type":"SearchAction","target":{"@type":"EntryPoint","urlTemplate":"https:\/\/bellasartes.edu.py\/?s={search_term_string}"},"query-input":{"@type":"PropertyValueSpecification","valueRequired":true,"valueName":"search_term_string"}}],"inLanguage":"es"},{"@type":"Organization","@id":"https:\/\/bellasartes.edu.py\/#organization","name":"Instituto Superior de Bellas Artes","url":"https:\/\/bellasartes.edu.py\/","logo":{"@type":"ImageObject","inLanguage":"es","@id":"https:\/\/bellasartes.edu.py\/#\/schema\/logo\/image\/","url":"https:\/\/bellasartes.edu.py\/wp-content\/uploads\/2024\/03\/cropped-imagenes-y-logos_Mesa-de-trabajo-1.png","contentUrl":"https:\/\/bellasartes.edu.py\/wp-content\/uploads\/2024\/03\/cropped-imagenes-y-logos_Mesa-de-trabajo-1.png","width":512,"height":512,"caption":"Instituto Superior de Bellas Artes"},"image":{"@id":"https:\/\/bellasartes.edu.py\/#\/schema\/logo\/image\/"},"sameAs":["https:\/\/www.facebook.com\/isbaoficial","https:\/\/www.instagram.com\/bellasartes.py\/","https:\/\/www.linkedin.com\/school\/74351323\/admin\/feed\/posts\/"]},{"@type":"Person","@id":"https:\/\/bellasartes.edu.py\/#\/schema\/person\/6243d56ea2e518f0b57594d7a454e37a","name":"comunicarte","image":{"@type":"ImageObject","inLanguage":"es","@id":"https:\/\/secure.gravatar.com\/avatar\/73b4d6769843e544de958c36b6a5ccd5fbfbe514a048340133a4d304a2f5777b?s=96&d=mm&r=g","url":"https:\/\/secure.gravatar.com\/avatar\/73b4d6769843e544de958c36b6a5ccd5fbfbe514a048340133a4d304a2f5777b?s=96&d=mm&r=g","contentUrl":"https:\/\/secure.gravatar.com\/avatar\/73b4d6769843e544de958c36b6a5ccd5fbfbe514a048340133a4d304a2f5777b?s=96&d=mm&r=g","caption":"comunicarte"},"url":"https:\/\/bellasartes.edu.py\/index.php\/author\/comunicarte\/"}]}},"jetpack_featured_media_url":"http:\/\/bellasartes.edu.py\/wp-content\/uploads\/2026\/05\/DSC08225-scaled.jpg","jetpack_sharing_enabled":true,"_links":{"self":[{"href":"https:\/\/bellasartes.edu.py\/index.php\/wp-json\/wp\/v2\/posts\/6836","targetHints":{"allow":["GET"]}}],"collection":[{"href":"https:\/\/bellasartes.edu.py\/index.php\/wp-json\/wp\/v2\/posts"}],"about":[{"href":"https:\/\/bellasartes.edu.py\/index.php\/wp-json\/wp\/v2\/types\/post"}],"author":[{"embeddable":true,"href":"https:\/\/bellasartes.edu.py\/index.php\/wp-json\/wp\/v2\/users\/3"}],"replies":[{"embeddable":true,"href":"https:\/\/bellasartes.edu.py\/index.php\/wp-json\/wp\/v2\/comments?post=6836"}],"version-history":[{"count":1,"href":"https:\/\/bellasartes.edu.py\/index.php\/wp-json\/wp\/v2\/posts\/6836\/revisions"}],"predecessor-version":[{"id":6850,"href":"https:\/\/bellasartes.edu.py\/index.php\/wp-json\/wp\/v2\/posts\/6836\/revisions\/6850"}],"wp:featuredmedia":[{"embeddable":true,"href":"https:\/\/bellasartes.edu.py\/index.php\/wp-json\/wp\/v2\/media\/6851"}],"wp:attachment":[{"href":"https:\/\/bellasartes.edu.py\/index.php\/wp-json\/wp\/v2\/media?parent=6836"}],"wp:term":[{"taxonomy":"category","embeddable":true,"href":"https:\/\/bellasartes.edu.py\/index.php\/wp-json\/wp\/v2\/categories?post=6836"},{"taxonomy":"post_tag","embeddable":true,"href":"https:\/\/bellasartes.edu.py\/index.php\/wp-json\/wp\/v2\/tags?post=6836"}],"curies":[{"name":"wp","href":"https:\/\/api.w.org\/{rel}","templated":true}]}}